{"id":453145,"date":"2026-03-10T11:42:35","date_gmt":"2026-03-10T10:42:35","guid":{"rendered":"https:\/\/www.pcnen.com\/portal\/?p=453145"},"modified":"2026-03-10T11:42:35","modified_gmt":"2026-03-10T10:42:35","slug":"plavi-stit-postavljen-na-vise-od-120-iranskih-objekata-zbog-americko-izraelskih-napada","status":"publish","type":"post","link":"https:\/\/www.pcnen.com\/portal\/2026\/03\/10\/plavi-stit-postavljen-na-vise-od-120-iranskih-objekata-zbog-americko-izraelskih-napada\/","title":{"rendered":"Plavi \u0161tit postavljen na vi\u0161e od 120 iranskih objekata zbog ameri\u010dko-izraelskih napada"},"content":{"rendered":"<p>U Iranu je na vi\u0161e od 120 muzeja i istorijskih objekata postavljen za\u0161titni simbol &#8220;Plavi \u0161tit&#8221; kako bi se o\u010duvala kulturna ba\u0161tina zemlje usred ameri\u010dko-izraelskih napada, izjavio je direktor za o\u010duvanje i za\u0161titu kulturne ba\u0161tine Mohsen Tusi, prenosi RT Balkan.<\/p>\n<p>On je naveo da su simbol &#8220;Plavog \u0161tita&#8221; ve\u0107 postavili na muzeje i istorijske objekte \u0161irom zemlje, uklju\u010duju\u0107i provincije kao \u0161to su Kerman, Lorestan, Fars i Mazandaran.<\/p>\n<p>Tusi \u00a0je naglasio da je znak &#8220;Plavi \u0161tit&#8221; jedan od naj\u0161ire prihva\u0107enih me\u0111unarodnih instrumenata za za\u0161titu kulturnih i istorijskih lokaliteta u miru i u ratu, podsje\u0107aju\u0107i da je to zvani\u010dni simbol Ha\u0161ke konvencije iz 1954. godine o za\u0161titi kulturnih dobara<\/p>\n<p>Simbol je postavljen nakon o\u0161te\u0107enja nekih istorijskih lokaliteta, kao \u0161to je palata Golestan u Teheranu i palata \u010cehel Sotun u Isfahanu, koje su o\u0161te\u0107ene u nedavnim napadima.<\/p>\n<p>Tusi je tako\u0111e naglasio da \u0107e prikupljena dokumentacija o o\u0161te\u0107enim lokalitetima biti predstavljena me\u0111unarodnim institucijama u cilju osude napada na ove lokacije svjetske ba\u0161tine.<\/p>\n","protected":false},"excerpt":{"rendered":"<p>Simbol je postavljen nakon o\u0161te\u0107enja nekih istorijskih lokaliteta, kao \u0161to je palata Golestan u Teheranu i palata \u010cehel Sotun u Isfahanu, koje su o\u0161te\u0107ene u nedavnim napadima<\/p>\n","protected":false},"author":1,"featured_media":453148,"comment_status":"open","ping_status":"closed","sticky":false,"template":"","format":"standard","meta":{"_seopress_robots_primary_cat":"none","_seopress_titles_title":"","_seopress_titles_desc":"","_seopress_robots_index":"","_et_pb_use_builder":"","_et_pb_old_content":"","_et_gb_content_width":"","inline_featured_image":false,"footnotes":""},"categories":[14],"tags":[],"class_list":["post-453145","post","type-post","status-publish","format-standard","has-post-thumbnail","hentry","category-vijesti"],"_links":{"self":[{"href":"https:\/\/www.pcnen.com\/portal\/wp-json\/wp\/v2\/posts\/453145","targetHints":{"allow":["GET"]}}],"collection":[{"href":"https:\/\/www.pcnen.com\/portal\/wp-json\/wp\/v2\/posts"}],"about":[{"href":"https:\/\/www.pcnen.com\/portal\/wp-json\/wp\/v2\/types\/post"}],"author":[{"embeddable":true,"href":"https:\/\/www.pcnen.com\/portal\/wp-json\/wp\/v2\/users\/1"}],"replies":[{"embeddable":true,"href":"https:\/\/www.pcnen.com\/portal\/wp-json\/wp\/v2\/comments?post=453145"}],"version-history":[{"count":1,"href":"https:\/\/www.pcnen.com\/portal\/wp-json\/wp\/v2\/posts\/453145\/revisions"}],"predecessor-version":[{"id":453149,"href":"https:\/\/www.pcnen.com\/portal\/wp-json\/wp\/v2\/posts\/453145\/revisions\/453149"}],"wp:featuredmedia":[{"embeddable":true,"href":"https:\/\/www.pcnen.com\/portal\/wp-json\/wp\/v2\/media\/453148"}],"wp:attachment":[{"href":"https:\/\/www.pcnen.com\/portal\/wp-json\/wp\/v2\/media?parent=453145"}],"wp:term":[{"taxonomy":"category","embeddable":true,"href":"https:\/\/www.pcnen.com\/portal\/wp-json\/wp\/v2\/categories?post=453145"},{"taxonomy":"post_tag","embeddable":true,"href":"https:\/\/www.pcnen.com\/portal\/wp-json\/wp\/v2\/tags?post=453145"}],"curies":[{"name":"wp","href":"https:\/\/api.w.org\/{rel}","templated":true}]}}