{"id":453137,"date":"2026-03-10T11:19:06","date_gmt":"2026-03-10T10:19:06","guid":{"rendered":"https:\/\/www.pcnen.com\/portal\/?p=453137"},"modified":"2026-03-10T11:22:29","modified_gmt":"2026-03-10T10:22:29","slug":"komitet-savjeta-evrope-za-sprjecavanje-torture-objavio-preliminarna-zapazanja","status":"publish","type":"post","link":"https:\/\/www.pcnen.com\/portal\/2026\/03\/10\/komitet-savjeta-evrope-za-sprjecavanje-torture-objavio-preliminarna-zapazanja\/","title":{"rendered":"Komitet Savjeta Evrope za sprje\u010davanje torture objavio preliminarna zapa\u017eanja"},"content":{"rendered":"<p>Komitet Savjeta Evrope za sprje\u010davanje torture (CPT) je danas objavio <a href=\"https:\/\/rm.coe.int\/48802ae3f0\" target=\"_blank\" rel=\"noopener\">preliminarna zapa\u017eanja<\/a> nakon posjete Crnoj Gori od 19. do 27. novembra 2025. godine.<\/p>\n<p>&#8220;Izvje\u0161taj o posjeti, koji \u0107e najvjerovatnije biti dostavljen krajem jula 2026. godine, donije\u0107e vi\u0161e detalja i pokriti odre\u0111ena pitanja koja nijesu adresirana u ovom tekstu. Sve inf\u043ermacije i k\u043ementari k\u043eje crn\u043eg\u043erske vlasti d\u043estave ka\u043e \u043edg\u043ev\u043er na \u043eva preliminarna zapa\u017eanja bi\u0107e uzeti u \u043ebzir prilik\u043em izrade izvje\u0161taja \u043e p\u043esjeti. Kada su u pitanju tri neposredna zapa\u017eanja iznijeta u tekstu iznad, delegacija bi \u017eeljela da dobije potvrdu o njihovoj implementaciji u roku od mjesec dana&#8221;, najavljuje se u preliminarnom izvje\u0161taju.<\/p>\n<p>Akcija za ljudska prava ocjenjuje da su preliminarna zapa\u017eanja posebno kriti\u010dna prema polo\u017eaju osoba u pritvoru.<\/p>\n","protected":false},"excerpt":{"rendered":"<p>Kona\u010dni izvje\u0161taj se najavljuje krajem jula ove godine<\/p>\n","protected":false},"author":1,"featured_media":339446,"comment_status":"open","ping_status":"closed","sticky":false,"template":"","format":"standard","meta":{"_seopress_robots_primary_cat":"none","_seopress_titles_title":"","_seopress_titles_desc":"","_seopress_robots_index":"","_et_pb_use_builder":"","_et_pb_old_content":"","_et_gb_content_width":"","inline_featured_image":false,"footnotes":""},"categories":[14],"tags":[],"class_list":["post-453137","post","type-post","status-publish","format-standard","has-post-thumbnail","hentry","category-vijesti"],"_links":{"self":[{"href":"https:\/\/www.pcnen.com\/portal\/wp-json\/wp\/v2\/posts\/453137","targetHints":{"allow":["GET"]}}],"collection":[{"href":"https:\/\/www.pcnen.com\/portal\/wp-json\/wp\/v2\/posts"}],"about":[{"href":"https:\/\/www.pcnen.com\/portal\/wp-json\/wp\/v2\/types\/post"}],"author":[{"embeddable":true,"href":"https:\/\/www.pcnen.com\/portal\/wp-json\/wp\/v2\/users\/1"}],"replies":[{"embeddable":true,"href":"https:\/\/www.pcnen.com\/portal\/wp-json\/wp\/v2\/comments?post=453137"}],"version-history":[{"count":1,"href":"https:\/\/www.pcnen.com\/portal\/wp-json\/wp\/v2\/posts\/453137\/revisions"}],"predecessor-version":[{"id":453140,"href":"https:\/\/www.pcnen.com\/portal\/wp-json\/wp\/v2\/posts\/453137\/revisions\/453140"}],"wp:featuredmedia":[{"embeddable":true,"href":"https:\/\/www.pcnen.com\/portal\/wp-json\/wp\/v2\/media\/339446"}],"wp:attachment":[{"href":"https:\/\/www.pcnen.com\/portal\/wp-json\/wp\/v2\/media?parent=453137"}],"wp:term":[{"taxonomy":"category","embeddable":true,"href":"https:\/\/www.pcnen.com\/portal\/wp-json\/wp\/v2\/categories?post=453137"},{"taxonomy":"post_tag","embeddable":true,"href":"https:\/\/www.pcnen.com\/portal\/wp-json\/wp\/v2\/tags?post=453137"}],"curies":[{"name":"wp","href":"https:\/\/api.w.org\/{rel}","templated":true}]}}