{"id":453132,"date":"2026-03-10T11:02:41","date_gmt":"2026-03-10T10:02:41","guid":{"rendered":"https:\/\/www.pcnen.com\/portal\/?p=453132"},"modified":"2026-03-10T11:02:41","modified_gmt":"2026-03-10T10:02:41","slug":"poslanik-erakovic-podnio-ostavku-na-mjesto-predsjednika-odbora-za-antikorupciju","status":"publish","type":"post","link":"https:\/\/www.pcnen.com\/portal\/2026\/03\/10\/poslanik-erakovic-podnio-ostavku-na-mjesto-predsjednika-odbora-za-antikorupciju\/","title":{"rendered":"Poslanik Erakovi\u0107 podnio ostavku na mjesto predsjednika Odbora za antikorupciju"},"content":{"rendered":"<p>Odluka najja\u010de opozicione partije da napu\u0161ti skup\u0161tinska radna tijela u znak protesta zbog usvajanje kontroverznih zakona o unutra\u0161njim poslovima i ANB danas je dovela do jo\u0161 jedne ostakve &#8211; poslanik Demokratske partije socijalista Jefto Erakovi\u0107 je odstupio sa mjesta predsjednika Odbora za antikorupciju.<\/p>\n<p>Prethodno je ostavku na predsjedni\u010dko mjesto u Odboru za evropske integracije podnio poslanik DPS-a Ivan Vukovi\u0107.<\/p>\n<p>&#8220;Donijeti su protivustavni i antidemokratski zakoni koji Crnu Goru iz demokratske dr\u017eave pretvaraju u policijsku dr\u017eavu i ne \u017eelimo to da prihvatimo i \u017eelimo da po\u0161aljemo poruku da se de\u0161ava ne\u0161to neprirodno&#8221;, rekao je Erakovi\u0107.<\/p>\n<blockquote class=\"wp-embedded-content\" data-secret=\"CepkFQ96r1\"><p><a href=\"https:\/\/www.pcnen.com\/portal\/2026\/03\/09\/ivan-vukovic-rad-odbor-za-evropske-integracije-izgubio-smisao\/\">Ivan Vukovi\u0107:  Rad Odbor za evropske integracije izgubio smisao<\/a><\/p><\/blockquote>\n<p><iframe loading=\"lazy\" class=\"wp-embedded-content\" sandbox=\"allow-scripts\" security=\"restricted\" style=\"position: absolute; visibility: hidden;\" title=\"&#8220;Ivan Vukovi\u0107:  Rad Odbor za evropske integracije izgubio smisao&#8221; &#8212; PCNEN\" src=\"https:\/\/www.pcnen.com\/portal\/2026\/03\/09\/ivan-vukovic-rad-odbor-za-evropske-integracije-izgubio-smisao\/embed\/#?secret=mg5J55ppmG#?secret=CepkFQ96r1\" data-secret=\"CepkFQ96r1\" width=\"600\" height=\"338\" frameborder=\"0\" marginwidth=\"0\" marginheight=\"0\" scrolling=\"no\"><\/iframe><\/p>\n","protected":false},"excerpt":{"rendered":"<p>Prethodno je ostavku na predsjedni\u010dko mjesto u Odboru za evropske integracije podnio poslanik DPS-a Ivan Vukovi\u0107<\/p>\n","protected":false},"author":1,"featured_media":453135,"comment_status":"open","ping_status":"closed","sticky":false,"template":"","format":"standard","meta":{"_seopress_robots_primary_cat":"none","_seopress_titles_title":"","_seopress_titles_desc":"","_seopress_robots_index":"","_et_pb_use_builder":"","_et_pb_old_content":"","_et_gb_content_width":"","inline_featured_image":false,"footnotes":""},"categories":[14],"tags":[],"class_list":["post-453132","post","type-post","status-publish","format-standard","has-post-thumbnail","hentry","category-vijesti"],"_links":{"self":[{"href":"https:\/\/www.pcnen.com\/portal\/wp-json\/wp\/v2\/posts\/453132","targetHints":{"allow":["GET"]}}],"collection":[{"href":"https:\/\/www.pcnen.com\/portal\/wp-json\/wp\/v2\/posts"}],"about":[{"href":"https:\/\/www.pcnen.com\/portal\/wp-json\/wp\/v2\/types\/post"}],"author":[{"embeddable":true,"href":"https:\/\/www.pcnen.com\/portal\/wp-json\/wp\/v2\/users\/1"}],"replies":[{"embeddable":true,"href":"https:\/\/www.pcnen.com\/portal\/wp-json\/wp\/v2\/comments?post=453132"}],"version-history":[{"count":1,"href":"https:\/\/www.pcnen.com\/portal\/wp-json\/wp\/v2\/posts\/453132\/revisions"}],"predecessor-version":[{"id":453136,"href":"https:\/\/www.pcnen.com\/portal\/wp-json\/wp\/v2\/posts\/453132\/revisions\/453136"}],"wp:featuredmedia":[{"embeddable":true,"href":"https:\/\/www.pcnen.com\/portal\/wp-json\/wp\/v2\/media\/453135"}],"wp:attachment":[{"href":"https:\/\/www.pcnen.com\/portal\/wp-json\/wp\/v2\/media?parent=453132"}],"wp:term":[{"taxonomy":"category","embeddable":true,"href":"https:\/\/www.pcnen.com\/portal\/wp-json\/wp\/v2\/categories?post=453132"},{"taxonomy":"post_tag","embeddable":true,"href":"https:\/\/www.pcnen.com\/portal\/wp-json\/wp\/v2\/tags?post=453132"}],"curies":[{"name":"wp","href":"https:\/\/api.w.org\/{rel}","templated":true}]}}