{"id":453091,"date":"2026-03-09T13:19:40","date_gmt":"2026-03-09T12:19:40","guid":{"rendered":"https:\/\/www.pcnen.com\/portal\/?p=453091"},"modified":"2026-03-09T13:19:40","modified_gmt":"2026-03-09T12:19:40","slug":"ivan-vukovic-rad-odbor-za-evropske-integracije-izgubio-smisao","status":"publish","type":"post","link":"https:\/\/www.pcnen.com\/portal\/2026\/03\/09\/ivan-vukovic-rad-odbor-za-evropske-integracije-izgubio-smisao\/","title":{"rendered":"Ivan Vukovi\u0107:  Rad Odbor za evropske integracije izgubio smisao"},"content":{"rendered":"<p>Poslanik Demokratske partije socijalsita (DPS) Ivan Vukovi\u0107 je podnio ostavku na mjesto predsjednika skup\u0161tinskog Odbora za evropske integracije.<\/p>\n<p>On je o ovome danas obavijestio javnost na konferenciji za novinare u Skup\u0161tini Crne Gore.<\/p>\n<p>&#8220;Malo \u010das sam podnio ostavku na mjesto predsjednika Odbora za evropske integracije. Svjedoci ste da su u ovom parlamentu, krajem pro\u0161le sedmice, usvojeni Zakon o unutra\u0161njim poslovima i Zakon o ANB, dva zakosnka rje\u0161enja koja su u suprotnosti sa Ustavom i elementarnim demorkatskim normama. Mi smo upozoravali kolege iz parlamentrne ve\u0107ine da to ne \u010dine, da se vratimo za pregovara\u010dki sto i da sa\u010dekamo uskla\u0111ivanje zakonskih rje\u0161enja sa onim \u0161to je evropska pravna tekovina. Do\u0161li smo na ono da je demokratija vladavina ve\u0107ine, te ako ste ve\u0107ina, mo\u017eete raditi \u0161ta ho\u0107ete. obesmi\u0161ljen je parlamentarni dijalog&#8221;, rekao je Vukovi\u0107, <a href=\"https:\/\/www.vijesti.me\/vijesti\/politika\/799267\/vukovic-podnio-sam-ostavku-na-mjesto-predsjednika-odbora-za-evropske-integracije\" target=\"_blank\" rel=\"noopener\">prenosi portal Vijesti.<\/a><\/p>\n<p>On je istakao da je sru\u0161en deklarativni konsenzus o evropskim integracijama.<\/p>\n<p>&#8220;Meni je posebno \u017eao jer je ovom prethodila Rezolucija o evropskim integracijama. Njom smo kazali da je evropski cilj najva\u017eniji. Pokazalo se da su za parlamentarnu ve\u0107inu bitniji partikularni interesi i \u0161to bolje pozicioniranje u susret izborima&#8221;, rekao je on.<\/p>\n<p>Vukovi\u0107 je kazao i da je rad Odbora za evropske integracije izgubio smisao.<\/p>\n","protected":false},"excerpt":{"rendered":"<p>Poslanik Demokratske partije socijalsita (DPS) Ivan Vukovi\u0107 je podnio ostavku na mjesto predsjednika skup\u0161tinskog Odbora za evropske integracije<\/p>\n","protected":false},"author":1,"featured_media":296987,"comment_status":"open","ping_status":"closed","sticky":false,"template":"","format":"standard","meta":{"_seopress_robots_primary_cat":"none","_seopress_titles_title":"","_seopress_titles_desc":"","_seopress_robots_index":"","_et_pb_use_builder":"","_et_pb_old_content":"","_et_gb_content_width":"","inline_featured_image":false,"footnotes":""},"categories":[14],"tags":[],"class_list":["post-453091","post","type-post","status-publish","format-standard","has-post-thumbnail","hentry","category-vijesti"],"_links":{"self":[{"href":"https:\/\/www.pcnen.com\/portal\/wp-json\/wp\/v2\/posts\/453091","targetHints":{"allow":["GET"]}}],"collection":[{"href":"https:\/\/www.pcnen.com\/portal\/wp-json\/wp\/v2\/posts"}],"about":[{"href":"https:\/\/www.pcnen.com\/portal\/wp-json\/wp\/v2\/types\/post"}],"author":[{"embeddable":true,"href":"https:\/\/www.pcnen.com\/portal\/wp-json\/wp\/v2\/users\/1"}],"replies":[{"embeddable":true,"href":"https:\/\/www.pcnen.com\/portal\/wp-json\/wp\/v2\/comments?post=453091"}],"version-history":[{"count":1,"href":"https:\/\/www.pcnen.com\/portal\/wp-json\/wp\/v2\/posts\/453091\/revisions"}],"predecessor-version":[{"id":453094,"href":"https:\/\/www.pcnen.com\/portal\/wp-json\/wp\/v2\/posts\/453091\/revisions\/453094"}],"wp:featuredmedia":[{"embeddable":true,"href":"https:\/\/www.pcnen.com\/portal\/wp-json\/wp\/v2\/media\/296987"}],"wp:attachment":[{"href":"https:\/\/www.pcnen.com\/portal\/wp-json\/wp\/v2\/media?parent=453091"}],"wp:term":[{"taxonomy":"category","embeddable":true,"href":"https:\/\/www.pcnen.com\/portal\/wp-json\/wp\/v2\/categories?post=453091"},{"taxonomy":"post_tag","embeddable":true,"href":"https:\/\/www.pcnen.com\/portal\/wp-json\/wp\/v2\/tags?post=453091"}],"curies":[{"name":"wp","href":"https:\/\/api.w.org\/{rel}","templated":true}]}}