{"id":452957,"date":"2026-03-07T09:27:18","date_gmt":"2026-03-07T08:27:18","guid":{"rendered":"https:\/\/www.pcnen.com\/portal\/?p=452957"},"modified":"2026-03-07T09:27:18","modified_gmt":"2026-03-07T08:27:18","slug":"velika-vjerovatnoca-akcije-iranska-kurdska-grupa-planira-moguci-kopneni-prodor-u-iran","status":"publish","type":"post","link":"https:\/\/www.pcnen.com\/portal\/2026\/03\/07\/velika-vjerovatnoca-akcije-iranska-kurdska-grupa-planira-moguci-kopneni-prodor-u-iran\/","title":{"rendered":"&#8220;Velika vjerovatno\u0107a akcije\u201c: Iranska kurdska grupa planira mogu\u0107i kopneni prodor u Iran"},"content":{"rendered":"<p>Baba\u0161eik Huseini, generalni sekretar Khabat organizacije iranskog Kurdistana sa sjedi\u0161tem u Iraku, rekao je za Al Jazeeru da je vrlo vjerovatno da \u0107e iranski kurdski borci sa sjedi\u0161tem u Iraku izvesti kopnenu operaciju u Iranu, potvr\u0111uju\u0107i da su SAD uspostavile kontakt \u201eputem razli\u010ditih kanala\u201c.<\/p>\n<p>Na pitanje Al Jazeere da li njegovi borci ve\u0107 pokre\u0107u kopnenu operaciju, Huseini je odgovorio: \u201eU ovom trenutku, ne. Trenutno nismo uklju\u010deni u nikakve ofanzivne operacije.\u201c<\/p>\n<p>Me\u0111utim, dodao je da \u201eplaniramo ve\u0107 dugo i sada kada su uslovi povoljniji, postoji velika vjerovatno\u0107a akcije\u201c.<\/p>\n<p>Huseini je rekao da jo\u0161 nije donesena kona\u010dna odluka, ali \u201evrlo je vjerovatno da \u0107emo nastaviti s kopnenom operacijom\u201c.<\/p>\n<p>Evo jo\u0161 njegovih komentara:<\/p>\n<p>\u201eAmerikanci su nas kontaktirali putem raznih kanala, ali do sada se nismo direktno sreli \u2013 ali su nas kontaktirali&#8221;.<\/p>\n<p>\u201ePitali su nas \u0161ta bismo trebali u\u010diniti s ovim re\u017eimom, koji su na\u010dini i razgovarali su o tome da li bismo mogli sara\u0111ivati \u200b\u200bu budu\u0107nosti \u2013 samo u tom kontekstu&#8221;.<\/p>\n<p>\u201eDo sada nije bilo direktne komunikacije, ve\u0107 putem posrednika, preko drugih Kurda&#8221;.<\/p>\n<p>\u201eKada do\u0111e vrijeme i sastanemo se s njima, to postaje jasno na operativnom polju. Naravno, na operativnom polju nam je potrebno oru\u017eje, eksploziv, a tako\u0111e i napredna oprema&#8221;.<\/p>\n<p>\u201eKao \u0161to znate, oprema koju imamo je osnovna i stara, dana\u0161nji ratovi su napredniji nego prije, tako da ako bi ne\u0161to ovakvo postojalo, imamo ovaj zahtjev.\u201c<\/p>\n<blockquote><p>Organizacija (Khabat): Iranska kurdska politi\u010dka i oru\u017eana grupa koja se protivi re\u017eimu u Teheranu. Djeluju iz ira\u010dkog Kurdistana i dio su Koalicije politi\u010dkih snaga iranskog Kurdistana.<\/p><\/blockquote>\n","protected":false},"excerpt":{"rendered":"<p>Baba\u0161eik Huseini, generalni sekretar Khabat organizacije iranskog Kurdistana sa sjedi\u0161tem u Iraku, rekao je za Al Jazeeru da je vrlo vjerovatno da \u0107e iranski kurdski borci sa sjedi\u0161tem u Iraku izvesti kopnenu operaciju u Iranu, potvr\u0111uju\u0107i da su SAD uspostavile kontakt \u201eputem razli\u010ditih kanala\u201c.<\/p>\n","protected":false},"author":1,"featured_media":452960,"comment_status":"open","ping_status":"closed","sticky":false,"template":"","format":"standard","meta":{"_seopress_robots_primary_cat":"none","_seopress_titles_title":"","_seopress_titles_desc":"","_seopress_robots_index":"","_et_pb_use_builder":"","_et_pb_old_content":"","_et_gb_content_width":"","inline_featured_image":false,"footnotes":""},"categories":[14],"tags":[],"class_list":["post-452957","post","type-post","status-publish","format-standard","has-post-thumbnail","hentry","category-vijesti"],"_links":{"self":[{"href":"https:\/\/www.pcnen.com\/portal\/wp-json\/wp\/v2\/posts\/452957","targetHints":{"allow":["GET"]}}],"collection":[{"href":"https:\/\/www.pcnen.com\/portal\/wp-json\/wp\/v2\/posts"}],"about":[{"href":"https:\/\/www.pcnen.com\/portal\/wp-json\/wp\/v2\/types\/post"}],"author":[{"embeddable":true,"href":"https:\/\/www.pcnen.com\/portal\/wp-json\/wp\/v2\/users\/1"}],"replies":[{"embeddable":true,"href":"https:\/\/www.pcnen.com\/portal\/wp-json\/wp\/v2\/comments?post=452957"}],"version-history":[{"count":1,"href":"https:\/\/www.pcnen.com\/portal\/wp-json\/wp\/v2\/posts\/452957\/revisions"}],"predecessor-version":[{"id":452961,"href":"https:\/\/www.pcnen.com\/portal\/wp-json\/wp\/v2\/posts\/452957\/revisions\/452961"}],"wp:featuredmedia":[{"embeddable":true,"href":"https:\/\/www.pcnen.com\/portal\/wp-json\/wp\/v2\/media\/452960"}],"wp:attachment":[{"href":"https:\/\/www.pcnen.com\/portal\/wp-json\/wp\/v2\/media?parent=452957"}],"wp:term":[{"taxonomy":"category","embeddable":true,"href":"https:\/\/www.pcnen.com\/portal\/wp-json\/wp\/v2\/categories?post=452957"},{"taxonomy":"post_tag","embeddable":true,"href":"https:\/\/www.pcnen.com\/portal\/wp-json\/wp\/v2\/tags?post=452957"}],"curies":[{"name":"wp","href":"https:\/\/api.w.org\/{rel}","templated":true}]}}