{"id":452924,"date":"2026-03-06T21:27:30","date_gmt":"2026-03-06T20:27:30","guid":{"rendered":"https:\/\/www.pcnen.com\/portal\/?p=452924"},"modified":"2026-03-06T22:26:35","modified_gmt":"2026-03-06T21:26:35","slug":"poslanik-miodrag-lakovic-napustio-parlamentarnu-vecinu","status":"publish","type":"post","link":"https:\/\/www.pcnen.com\/portal\/2026\/03\/06\/poslanik-miodrag-lakovic-napustio-parlamentarnu-vecinu\/","title":{"rendered":"Poslanik Miodrag Lakovi\u0107 napustio parlamentarnu ve\u0107inu"},"content":{"rendered":"<p>Poslanik Pokreta Evropa sad Miodrag Lakovi\u0107 je ve\u010deras napustio poslani\u010dki klub ove partije, podnio ostavku na du\u017enost predsjednika parlamentarnog Odbora za bezbjednost i odbranu, kao i na \u010dlanstvo u ostalim skup\u0161tinskim tijelima.<\/p>\n<p>Lakovi\u0107 se na ovaj potez odlu\u010dio nakon \u0161to je parlamentarna ve\u0107ina usvojila zakone o unutra\u0161njim poslovima i Agenciji za nacionalnu bezbjednost na \u010dije je tekstove imao ozbiljne primjedbe i poku\u0161ao da to popravi amandmanima, ali bezuspje\u0161no.<\/p>\n<p>Lakovi\u0107 je najavio da \u0107e ubudu\u0107e djelovati kao nezavisni poslanik.<\/p>\n<p>On je napomenuo i kako je iz medija saznao da su neke njegove kolege, dok\u00a0 je on govorio, sugerisale predsjedniku parlamenta da mu oduzme rije\u010d jer je prekora\u010dio dozvoljeno vrijeme.<\/p>\n<blockquote class=\"twitter-tweet\">\n<p dir=\"ltr\" lang=\"und\">Bila jednom jedna Vuvuzela kojoj je stigla poruka nakon koje ona kre\u0107e u pantomimu: \u201cprekidaj ovo, \u010detiri (i prstima 4) minuta pri\u010da\u201d. Nakon naredne poruke ustaje i odlazi.<\/p>\n<p>I tako su oni sre\u0107no \u017eivjeli do kraja mandata. <a href=\"https:\/\/t.co\/5EMDxbXuOA\">pic.twitter.com\/5EMDxbXuOA<\/a><\/p>\n<p>\u2014 Blue Fairy \ud83c\uddf2\ud83c\uddea\ud83c\uddfa\ud83c\udde6 (@AlexBFairy1) <a href=\"https:\/\/twitter.com\/AlexBFairy1\/status\/2029988301659111562?ref_src=twsrc%5Etfw\">March 6, 2026<\/a><\/p><\/blockquote>\n<p><script async src=\"https:\/\/platform.twitter.com\/widgets.js\" charset=\"utf-8\"><\/script><\/p>\n<blockquote class=\"wp-embedded-content\" data-secret=\"sjtJNkaq2k\"><p><a href=\"https:\/\/www.pcnen.com\/portal\/2026\/03\/06\/zasjeda-skupstina-crne-gore-uzivo-7\/\">Skup\u0161tina Crne Gore usvojila kontroverzne zakone o unutra\u0161njim poslovima i ANB (video)<\/a><\/p><\/blockquote>\n<p><iframe loading=\"lazy\" class=\"wp-embedded-content\" sandbox=\"allow-scripts\" security=\"restricted\" style=\"position: absolute; visibility: hidden;\" title=\"&#8220;Skup\u0161tina Crne Gore usvojila kontroverzne zakone o unutra\u0161njim poslovima i ANB (video)&#8221; &#8212; PCNEN\" src=\"https:\/\/www.pcnen.com\/portal\/2026\/03\/06\/zasjeda-skupstina-crne-gore-uzivo-7\/embed\/#?secret=fM8HgVZ15X#?secret=sjtJNkaq2k\" data-secret=\"sjtJNkaq2k\" width=\"600\" height=\"338\" frameborder=\"0\" marginwidth=\"0\" marginheight=\"0\" scrolling=\"no\"><\/iframe><\/p>\n<p>&nbsp;<\/p>\n","protected":false},"excerpt":{"rendered":"<p>Poslanik Pokreta Evropa sad Miodrag Lakovi\u0107 je ve\u010deras napustio poslani\u010dki klub ove partije, podnio ostavku na du\u017enost predsjednika parlamentarnog Odbora za bezbjednost i odbranu, kao i na \u010dlanstvo u ostalim skup\u0161tinskim tijelima<\/p>\n","protected":false},"author":1,"featured_media":393466,"comment_status":"open","ping_status":"closed","sticky":false,"template":"","format":"standard","meta":{"_seopress_robots_primary_cat":"none","_seopress_titles_title":"","_seopress_titles_desc":"","_seopress_robots_index":"","_et_pb_use_builder":"","_et_pb_old_content":"","_et_gb_content_width":"","inline_featured_image":false,"footnotes":""},"categories":[14],"tags":[],"class_list":["post-452924","post","type-post","status-publish","format-standard","has-post-thumbnail","hentry","category-vijesti"],"_links":{"self":[{"href":"https:\/\/www.pcnen.com\/portal\/wp-json\/wp\/v2\/posts\/452924","targetHints":{"allow":["GET"]}}],"collection":[{"href":"https:\/\/www.pcnen.com\/portal\/wp-json\/wp\/v2\/posts"}],"about":[{"href":"https:\/\/www.pcnen.com\/portal\/wp-json\/wp\/v2\/types\/post"}],"author":[{"embeddable":true,"href":"https:\/\/www.pcnen.com\/portal\/wp-json\/wp\/v2\/users\/1"}],"replies":[{"embeddable":true,"href":"https:\/\/www.pcnen.com\/portal\/wp-json\/wp\/v2\/comments?post=452924"}],"version-history":[{"count":4,"href":"https:\/\/www.pcnen.com\/portal\/wp-json\/wp\/v2\/posts\/452924\/revisions"}],"predecessor-version":[{"id":452938,"href":"https:\/\/www.pcnen.com\/portal\/wp-json\/wp\/v2\/posts\/452924\/revisions\/452938"}],"wp:featuredmedia":[{"embeddable":true,"href":"https:\/\/www.pcnen.com\/portal\/wp-json\/wp\/v2\/media\/393466"}],"wp:attachment":[{"href":"https:\/\/www.pcnen.com\/portal\/wp-json\/wp\/v2\/media?parent=452924"}],"wp:term":[{"taxonomy":"category","embeddable":true,"href":"https:\/\/www.pcnen.com\/portal\/wp-json\/wp\/v2\/categories?post=452924"},{"taxonomy":"post_tag","embeddable":true,"href":"https:\/\/www.pcnen.com\/portal\/wp-json\/wp\/v2\/tags?post=452924"}],"curies":[{"name":"wp","href":"https:\/\/api.w.org\/{rel}","templated":true}]}}