{"id":452903,"date":"2026-03-06T19:12:56","date_gmt":"2026-03-06T18:12:56","guid":{"rendered":"https:\/\/www.pcnen.com\/portal\/?p=452903"},"modified":"2026-03-06T19:13:40","modified_gmt":"2026-03-06T18:13:40","slug":"ukinuta-presuda-u-predmetu-koverta-sudjenje-se-vraca-na-pocetak","status":"publish","type":"post","link":"https:\/\/www.pcnen.com\/portal\/2026\/03\/06\/ukinuta-presuda-u-predmetu-koverta-sudjenje-se-vraca-na-pocetak\/","title":{"rendered":"Ukinuta presuda u predmetu &#8220;Koverta&#8221;, su\u0111enje se vra\u0107a na po\u010detak"},"content":{"rendered":"<p>Apelacioni sud je ukinuo presudu Specijalnog odjeljenja Vi\u0161eg suda u Podgorici u predmetu poznatom kao &#8220;Koverta&#8221; i predmet vratio prvostepenom sudu na ponovno su\u0111enje, saop\u0161teno je iz suda.<\/p>\n<p>Kako se navodi, Apelacioni sud je uva\u017eio \u017ealbu Specijalnog dr\u017eavnog tu\u017eila\u0161tva u Podgorici, a odluka je donijeta nakon tajnog vije\u0107anja i glasanja 24. februara 2026. godine.<\/p>\n<p>&#8220;Apelacioni sud Crne Gore je uva\u017eio \u017ealbu Specijalnog dr\u017eavnog tu\u017eila\u0161tva u Podgorici, pa je povodom te \u017ealbe i po slu\u017ebenoj du\u017enosti ukinuo presudu Specijalnog odjeljenja Vi\u0161eg suda u Podgorici i predmet vratio prvostepenom sudu na ponovno su\u0111enje&#8221;, navodi se u saop\u0161tenju.<\/p>\n<p>Prvostepenom presudom optu\u017eeni Du\u0161ko Kne\u017eevi\u0107, Branislav Todorovi\u0107, \u017divko \u0160ljivan\u010danin, Tamara Krd\u017ei\u0107, Goran Grujovi\u0107, Tomica Kne\u017eevi\u0107 i Slavoljub Stijepovi\u0107 bili su oslobo\u0111eni optu\u017ebi. Kne\u017eevi\u0107 se teretio za krivi\u010dno djelo stvaranje kriminalne organizacije, dok su ostali optu\u017eeni tereteni za isto krivi\u010dno djelo, kao i za pranje novca u saizvr\u0161ila\u0161tvu.<\/p>\n<p>\u017dalbu na presudu podnijelo je Specijalno dr\u017eavno tu\u017eila\u0161tvo.<\/p>\n<p>Apelacioni sud je ocijenio da je \u017ealba tu\u017eila\u0161tva osnovana jer je prvostepeni sud po\u010dinio bitne povrede odredaba krivi\u010dnog postupka.<\/p>\n<p>&#8220;Prvostepeni sud je po\u010dinio bitnu povredu odredaba krivi\u010dnog postupka, jer presuda nema razloga o odlu\u010dnim \u010dinjenicama, dok su dati razlozi potpuno nejasni i u znatnoj mjeri protivrje\u010dni&#8221;, isti\u010de se u obrazlo\u017eenju odluke.<\/p>\n<p>Drugostepeni sud je ukazao da je obaveza prvostepenog suda da u ponovnom postupku potpuno i istinito utvrdi sve \u010dinjenice od zna\u010daja za dono\u0161enje zakonite odluke.<\/p>\n<p>&#8220;Obaveza je prvostepenog suda da u ponovnom postupku istinito i potpuno utvrdi \u010dinjenice koje su od va\u017enosti za dono\u0161enje zakonite i pravi\u010dne odluke, kao i da sa jednakom pa\u017enjom ispita i utvrdi \u010dinjenice koje terete optu\u017eene i one koje im idu u korist&#8221;, navodi se u saop\u0161tenju.<\/p>\n<p>Dodaje se da sud mora jasno obrazlo\u017eiti koje \u010dinjenice smatra dokazanim ili nedokazanim, uz ocjenu vjerodostojnosti eventualno protivrje\u010dnih dokaza i razloge na kojima zasniva \u010dinjeni\u010dne i pravne zaklju\u010dke.<\/p>\n<p><a href=\"https:\/\/www.pcnen.com\/portal\/?s=afera+Koverta\">VEZANE VIJESTI<\/a><\/p>\n","protected":false},"excerpt":{"rendered":"<p>Apelacioni sud je ukinuo presudu Specijalnog odjeljenja Vi\u0161eg suda u Podgorici u predmetu poznatom kao &#8220;Koverta&#8221; i predmet vratio prvostepenom sudu na ponovno su\u0111enje, saop\u0161teno je iz suda.<\/p>\n","protected":false},"author":1,"featured_media":276541,"comment_status":"open","ping_status":"closed","sticky":false,"template":"","format":"standard","meta":{"_seopress_robots_primary_cat":"none","_seopress_titles_title":"","_seopress_titles_desc":"","_seopress_robots_index":"","_et_pb_use_builder":"","_et_pb_old_content":"","_et_gb_content_width":"","inline_featured_image":false,"footnotes":""},"categories":[14],"tags":[],"class_list":["post-452903","post","type-post","status-publish","format-standard","has-post-thumbnail","hentry","category-vijesti"],"_links":{"self":[{"href":"https:\/\/www.pcnen.com\/portal\/wp-json\/wp\/v2\/posts\/452903","targetHints":{"allow":["GET"]}}],"collection":[{"href":"https:\/\/www.pcnen.com\/portal\/wp-json\/wp\/v2\/posts"}],"about":[{"href":"https:\/\/www.pcnen.com\/portal\/wp-json\/wp\/v2\/types\/post"}],"author":[{"embeddable":true,"href":"https:\/\/www.pcnen.com\/portal\/wp-json\/wp\/v2\/users\/1"}],"replies":[{"embeddable":true,"href":"https:\/\/www.pcnen.com\/portal\/wp-json\/wp\/v2\/comments?post=452903"}],"version-history":[{"count":2,"href":"https:\/\/www.pcnen.com\/portal\/wp-json\/wp\/v2\/posts\/452903\/revisions"}],"predecessor-version":[{"id":452907,"href":"https:\/\/www.pcnen.com\/portal\/wp-json\/wp\/v2\/posts\/452903\/revisions\/452907"}],"wp:featuredmedia":[{"embeddable":true,"href":"https:\/\/www.pcnen.com\/portal\/wp-json\/wp\/v2\/media\/276541"}],"wp:attachment":[{"href":"https:\/\/www.pcnen.com\/portal\/wp-json\/wp\/v2\/media?parent=452903"}],"wp:term":[{"taxonomy":"category","embeddable":true,"href":"https:\/\/www.pcnen.com\/portal\/wp-json\/wp\/v2\/categories?post=452903"},{"taxonomy":"post_tag","embeddable":true,"href":"https:\/\/www.pcnen.com\/portal\/wp-json\/wp\/v2\/tags?post=452903"}],"curies":[{"name":"wp","href":"https:\/\/api.w.org\/{rel}","templated":true}]}}