{"id":452895,"date":"2026-03-06T12:01:49","date_gmt":"2026-03-06T11:01:49","guid":{"rendered":"https:\/\/www.pcnen.com\/portal\/?p=452895"},"modified":"2026-03-06T12:01:49","modified_gmt":"2026-03-06T11:01:49","slug":"osmani-raspustila-skupstinu-kosovo-ide-na-izbore","status":"publish","type":"post","link":"https:\/\/www.pcnen.com\/portal\/2026\/03\/06\/osmani-raspustila-skupstinu-kosovo-ide-na-izbore\/","title":{"rendered":"Osmani raspustila Skup\u0161tinu, Kosovo ide na izbore"},"content":{"rendered":"<p>Predsjednica Kosova Vjosa Osmani potpisala je danas ukaz o raspu\u0161tanju parlamenta i najavila da \u0107e biti raspisani vanredni izbori.<\/p>\n<p>Osmani je na konferenciji za novinare rekla da je neuspjeh poslanika Skup\u0161tine da izaberu predsjednika u \u010detvrtak uve\u010de gurnuo Kosovo u nove izbore.<\/p>\n<p>Ova situacija je bila u potpunosti izbjeg\u017ena. Velika je nesre\u0107a \u0161to poslanici nisu izabrali interes naroda\u201c, navela je Osmani.<\/p>\n<p>Najavila je da \u0107e tokom dana obaviti konsultacije sa liderima parlamentarnih stranaka o datumu zakazivanja vanrednih parlamentarnih izbora.<\/p>\n<p>Na vanrednoj sjednici kasno u \u010detvrtak, odr\u017eanoj samo nekoliko sati prije isteka ustavnog roka za izbor predsjednika, parlament je prekinuo izborni proces zbog nedostatka kvoruma.<\/p>\n<p>Da bi se izabrao predsjednik, u prva dva kruga glasanja potrebno je 80 glasova, a u tre\u0107em najmanje 61, prenosi Beat<\/p>\n<p>U \u010detvrtak je u sali bilo prisutno 66 poslanika vladaju\u0107e koalicije, dok su poslanici opozicije bili odsutni.<\/p>\n<p>Prethodno je odr\u017eana sjednica radi razmatranja ustavnih amandmana, koje je predsjednica Vjosa Osmani podnijela za direktno glasanje za predsjednika, a koja je tako\u0111e prekinuta zbog nedostatka kvoruma.<\/p>\n<p>Nakon zatvaranja druge sjednice, predsjednica Skup\u0161tine, Aljbulena Had\u017eiju, obratila se Ustavnom sudu sa zahtjevom da donese privremenu mjeru obustave ustavnog roka za izbor predsjednika.<\/p>\n","protected":false},"excerpt":{"rendered":"<p>Predsjednica Kosova Vjosa Osmani potpisala je danas ukaz o raspu\u0161tanju parlamenta i najavila da \u0107e biti raspisani vanredni izbori. Osmani je na konferenciji za novinare rekla da je neuspjeh poslanika Skup\u0161tine da izaberu predsjednika u \u010detvrtak uve\u010de gurnuo Kosovo u nove izbore. Ova situacija je bila u potpunosti izbjeg\u017ena. Velika je nesre\u0107a \u0161to poslanici nisu [&hellip;]<\/p>\n","protected":false},"author":1,"featured_media":272534,"comment_status":"open","ping_status":"closed","sticky":false,"template":"","format":"standard","meta":{"_seopress_robots_primary_cat":"none","_seopress_titles_title":"","_seopress_titles_desc":"","_seopress_robots_index":"","_et_pb_use_builder":"","_et_pb_old_content":"","_et_gb_content_width":"","inline_featured_image":false,"footnotes":""},"categories":[14],"tags":[],"class_list":["post-452895","post","type-post","status-publish","format-standard","has-post-thumbnail","hentry","category-vijesti"],"_links":{"self":[{"href":"https:\/\/www.pcnen.com\/portal\/wp-json\/wp\/v2\/posts\/452895","targetHints":{"allow":["GET"]}}],"collection":[{"href":"https:\/\/www.pcnen.com\/portal\/wp-json\/wp\/v2\/posts"}],"about":[{"href":"https:\/\/www.pcnen.com\/portal\/wp-json\/wp\/v2\/types\/post"}],"author":[{"embeddable":true,"href":"https:\/\/www.pcnen.com\/portal\/wp-json\/wp\/v2\/users\/1"}],"replies":[{"embeddable":true,"href":"https:\/\/www.pcnen.com\/portal\/wp-json\/wp\/v2\/comments?post=452895"}],"version-history":[{"count":1,"href":"https:\/\/www.pcnen.com\/portal\/wp-json\/wp\/v2\/posts\/452895\/revisions"}],"predecessor-version":[{"id":452898,"href":"https:\/\/www.pcnen.com\/portal\/wp-json\/wp\/v2\/posts\/452895\/revisions\/452898"}],"wp:featuredmedia":[{"embeddable":true,"href":"https:\/\/www.pcnen.com\/portal\/wp-json\/wp\/v2\/media\/272534"}],"wp:attachment":[{"href":"https:\/\/www.pcnen.com\/portal\/wp-json\/wp\/v2\/media?parent=452895"}],"wp:term":[{"taxonomy":"category","embeddable":true,"href":"https:\/\/www.pcnen.com\/portal\/wp-json\/wp\/v2\/categories?post=452895"},{"taxonomy":"post_tag","embeddable":true,"href":"https:\/\/www.pcnen.com\/portal\/wp-json\/wp\/v2\/tags?post=452895"}],"curies":[{"name":"wp","href":"https:\/\/api.w.org\/{rel}","templated":true}]}}