{"id":452872,"date":"2026-03-05T19:57:15","date_gmt":"2026-03-05T18:57:15","guid":{"rendered":"https:\/\/www.pcnen.com\/portal\/?p=452872"},"modified":"2026-03-05T19:57:15","modified_gmt":"2026-03-05T18:57:15","slug":"iran-demantuje-da-su-iz-iraka-upali-kurdski-borci","status":"publish","type":"post","link":"https:\/\/www.pcnen.com\/portal\/2026\/03\/05\/iran-demantuje-da-su-iz-iraka-upali-kurdski-borci\/","title":{"rendered":"Iran demantuje da su iz Iraka upali kurdski borci"},"content":{"rendered":"<p>Lokalne vlasti u zapadnom Iranu su odlu\u010dno negirale izvje\u0161taje da su naoru\u017eane kurdske grupe pre\u0161le u zemlju iz ira\u010dkog Kurdistana, insistiraju\u0107i da je granica pod potpunom kontrolom.<\/p>\n<p>U me\u0111uvremenu, Teheran je navodno izveo &#8220;preventivne napade&#8221; na opozicione baze na sjeveru Iraka.<\/p>\n<p>Demantiji dolaze nakon nekoliko dana izvje\u0161taja ameri\u010dkih medija koji sugeri\u0161u da SAD naoru\u017eavaju kurdske snage kao potencijalne kopnene trupe.<\/p>\n<p>Ameri\u010dki zvani\u010dnik je u srijedu rekao za Fox News da su &#8220;hiljade ira\u010dkih kurdskih boraca&#8221; navodno pokrenule napad unutar Irana.<\/p>\n","protected":false},"excerpt":{"rendered":"<p>Lokalne vlasti u zapadnom Iranu su odlu\u010dno negirale izvje\u0161taje da su naoru\u017eane kurdske grupe pre\u0161le u zemlju iz ira\u010dkog Kurdistana, insistiraju\u0107i da je granica pod potpunom kontrolom<\/p>\n","protected":false},"author":1,"featured_media":432887,"comment_status":"open","ping_status":"closed","sticky":false,"template":"","format":"standard","meta":{"_seopress_robots_primary_cat":"none","_seopress_titles_title":"","_seopress_titles_desc":"","_seopress_robots_index":"","_et_pb_use_builder":"","_et_pb_old_content":"","_et_gb_content_width":"","inline_featured_image":false,"footnotes":""},"categories":[14],"tags":[],"class_list":["post-452872","post","type-post","status-publish","format-standard","has-post-thumbnail","hentry","category-vijesti"],"_links":{"self":[{"href":"https:\/\/www.pcnen.com\/portal\/wp-json\/wp\/v2\/posts\/452872","targetHints":{"allow":["GET"]}}],"collection":[{"href":"https:\/\/www.pcnen.com\/portal\/wp-json\/wp\/v2\/posts"}],"about":[{"href":"https:\/\/www.pcnen.com\/portal\/wp-json\/wp\/v2\/types\/post"}],"author":[{"embeddable":true,"href":"https:\/\/www.pcnen.com\/portal\/wp-json\/wp\/v2\/users\/1"}],"replies":[{"embeddable":true,"href":"https:\/\/www.pcnen.com\/portal\/wp-json\/wp\/v2\/comments?post=452872"}],"version-history":[{"count":1,"href":"https:\/\/www.pcnen.com\/portal\/wp-json\/wp\/v2\/posts\/452872\/revisions"}],"predecessor-version":[{"id":452875,"href":"https:\/\/www.pcnen.com\/portal\/wp-json\/wp\/v2\/posts\/452872\/revisions\/452875"}],"wp:featuredmedia":[{"embeddable":true,"href":"https:\/\/www.pcnen.com\/portal\/wp-json\/wp\/v2\/media\/432887"}],"wp:attachment":[{"href":"https:\/\/www.pcnen.com\/portal\/wp-json\/wp\/v2\/media?parent=452872"}],"wp:term":[{"taxonomy":"category","embeddable":true,"href":"https:\/\/www.pcnen.com\/portal\/wp-json\/wp\/v2\/categories?post=452872"},{"taxonomy":"post_tag","embeddable":true,"href":"https:\/\/www.pcnen.com\/portal\/wp-json\/wp\/v2\/tags?post=452872"}],"curies":[{"name":"wp","href":"https:\/\/api.w.org\/{rel}","templated":true}]}}