{"id":452815,"date":"2026-03-04T21:33:33","date_gmt":"2026-03-04T20:33:33","guid":{"rendered":"https:\/\/www.pcnen.com\/portal\/?p=452815"},"modified":"2026-03-04T21:33:33","modified_gmt":"2026-03-04T20:33:33","slug":"saranovic-jasno-je-sta-je-cija-agenda","status":"publish","type":"post","link":"https:\/\/www.pcnen.com\/portal\/2026\/03\/04\/saranovic-jasno-je-sta-je-cija-agenda\/","title":{"rendered":"\u0160aranovi\u0107: Jasno je \u0161ta je \u010dija agenda"},"content":{"rendered":"<p>Ministar unutra\u0161njih poslova u Vladi Crne Gore Danilo \u0160aranovi\u0107 je reagovao na informaciju da je Evrpska komisija ocijenila da izmjene zakona o unutra\u0161njim poslovima i ANB-u nijesu uskla\u0111ene sa pravnom tekovinom EU.<\/p>\n<p>&#8220;Delegacija EU je potvrdila da su nacrti zakona usagla\u0161avani sa Evropskom komisijom te da samo dio Zakona o unutra\u0161njim poslovima koji se odnosi na za\u0161titu podataka o li\u010dnosti treba usuglasiti sa GDPR (Op\u0161ta uredba o za\u0161titi podataka) i LED (Direktiva o sprovo\u0111enju zakona) nakon njihovog dono\u0161enja, \u0161to je predvi\u0111eno amandmanom 12&#8221;, rekao je \u0160aranovi\u0107 u saop\u0161tenju za medije.<\/p>\n<p>&#8220;U saop\u0161tenju Delegacije EU stoji, citiram: \u201eCrnoj Gori smo ukazali na dvije opcije: ili uskla\u0111ivanje ovih odredbi sa pravnim tekovinama EU prije usvajanja zakona ili usvajanje zakona i uskla\u0111ivanje odredaba prije zavr\u0161etka pregovora o pristupanju\u201d. Dakle, jasno je re\u010deno da se zakon o unutra\u0161njim poslovima mo\u017ee usvojiti uz obavezu uskla\u0111ivanja koja je predvi\u0111ena amandmanom 12 (\u010dlan 214b), kojim je propisana obaveza usagla\u0161avanja Zakona o unutra\u0161njim poslovima nakon dono\u0161enja novog Zakona o za\u0161titi podataka, \u0161to sam kazao na Odboru za politi\u010dki sistem, pravosu\u0111e i upravu.<\/p>\n<p>Dakle, 12 amandmana podnijetih na Zakon o unutra\u0161njim poslovima su rezultat vi\u0161emjese\u010dnih usagla\u0161avanja sa nadle\u017enim direktoratima Evropske komisije, a \u0161to se oslikava u saop\u0161tenju Delegacije EU i koje svjedo\u010di da se ne spori predlog zakona, ve\u0107 se isti\u010de ono \u0161to je propisano amandmanom 12, a to je potreba usagla\u0161avanja sa GDPR i LED nakon njihovog dono\u0161enja.<\/p>\n<p>Tako\u0111e je i nevje\u0161ta manipulacija da sam u Skup\u0161tini kazao da je zavr\u0161no mjerilo za poglavlje 24 dono\u0161enje izmjena Zakona o unutra\u0161njim poslovima. Sa druge strane, \u010dvrsto stojim pri stavu da nema zatvaranja poglavlja 24 bez hitne izmjene Zakona, jer brojne obaveze propisane zavr\u0161nim mjerilima ne mogu biti ispunjene bez usvajanja Zakona. Na prvom mjestu, misli se na stvaranje zakonskih pretpostavki da se sa IV stepenom stru\u010dne spreme (srednja \u0161kola) mo\u017ee zasnovati radni odnos u Policiji.<\/p>\n<p>Na\u0161a obaveza je da samo u grani\u010dnoj policiji obezbijedimo 1.900 policijskih slu\u017ebenika. Danas ih imamo svega 900, od kojih \u0107e \u010dak 600 ispuniti uslove za penziju u narednih 18 mjeseci. Svakome je jasno da to nije mogu\u0107e sprovesti sa va\u017ee\u0107im zakonom koji propisuje da se radni odnos u policiji mo\u017ee zasnovati isklju\u010divo sa vi\u0161om i visokom stru\u010dnom spremom.<\/p>\n<p>Na kraju, nema ovdje bilo kakvih nejasno\u0107a. Jasno je \u0161ta je \u010dija agenda, a onima koji misle da \u0107e se reformski procesi, sna\u017eenje sektora bezbjednosti i borba protiv kriminala zaustaviti, poru\u010dujem da su ni\u0161ta drugo do sitan kamen na putu uspostavljanja apsolutne vladavine prava u Crnoj Gori&#8221;, pi\u0161e u \u0160aranovi\u0107evom saop\u0161tenju.<\/p>\n<blockquote class=\"wp-embedded-content\" data-secret=\"wbLZ3rmWWE\"><p><a href=\"https:\/\/www.pcnen.com\/portal\/2026\/03\/04\/ek-izmjene-zakona-o-unutrasnjim-poslovima-i-anb-u-nijesu-uskladjene-sa-pravnom-tekovinom-eu\/\">EK: Izmjene zakona o unutra\u0161njim poslovima i ANB-u nijesu uskla\u0111ene sa pravnom tekovinom EU<\/a><\/p><\/blockquote>\n<p><iframe loading=\"lazy\" class=\"wp-embedded-content\" sandbox=\"allow-scripts\" security=\"restricted\" style=\"position: absolute; visibility: hidden;\" title=\"&#8220;EK: Izmjene zakona o unutra\u0161njim poslovima i ANB-u nijesu uskla\u0111ene sa pravnom tekovinom EU&#8221; &#8212; PCNEN\" src=\"https:\/\/www.pcnen.com\/portal\/2026\/03\/04\/ek-izmjene-zakona-o-unutrasnjim-poslovima-i-anb-u-nijesu-uskladjene-sa-pravnom-tekovinom-eu\/embed\/#?secret=ex0NlIYx62#?secret=wbLZ3rmWWE\" data-secret=\"wbLZ3rmWWE\" width=\"600\" height=\"338\" frameborder=\"0\" marginwidth=\"0\" marginheight=\"0\" scrolling=\"no\"><\/iframe><\/p>\n","protected":false},"excerpt":{"rendered":"<p>&#8220;Onima koji misle da \u0107e se reformski procesi, sna\u017eenje sektora bezbjednosti i borba protiv kriminala zaustaviti, poru\u010dujem da su ni\u0161ta drugo do sitan kamen na putu uspostavljanja apsolutne vladavine prava u Crnoj Gori&#8221;, pi\u0161e u \u0160aranovi\u0107evom saop\u0161tenju<\/p>\n","protected":false},"author":1,"featured_media":387750,"comment_status":"open","ping_status":"closed","sticky":false,"template":"","format":"standard","meta":{"_seopress_robots_primary_cat":"none","_seopress_titles_title":"","_seopress_titles_desc":"","_seopress_robots_index":"","_et_pb_use_builder":"","_et_pb_old_content":"","_et_gb_content_width":"","inline_featured_image":false,"footnotes":""},"categories":[14],"tags":[],"class_list":["post-452815","post","type-post","status-publish","format-standard","has-post-thumbnail","hentry","category-vijesti"],"_links":{"self":[{"href":"https:\/\/www.pcnen.com\/portal\/wp-json\/wp\/v2\/posts\/452815","targetHints":{"allow":["GET"]}}],"collection":[{"href":"https:\/\/www.pcnen.com\/portal\/wp-json\/wp\/v2\/posts"}],"about":[{"href":"https:\/\/www.pcnen.com\/portal\/wp-json\/wp\/v2\/types\/post"}],"author":[{"embeddable":true,"href":"https:\/\/www.pcnen.com\/portal\/wp-json\/wp\/v2\/users\/1"}],"replies":[{"embeddable":true,"href":"https:\/\/www.pcnen.com\/portal\/wp-json\/wp\/v2\/comments?post=452815"}],"version-history":[{"count":1,"href":"https:\/\/www.pcnen.com\/portal\/wp-json\/wp\/v2\/posts\/452815\/revisions"}],"predecessor-version":[{"id":452818,"href":"https:\/\/www.pcnen.com\/portal\/wp-json\/wp\/v2\/posts\/452815\/revisions\/452818"}],"wp:featuredmedia":[{"embeddable":true,"href":"https:\/\/www.pcnen.com\/portal\/wp-json\/wp\/v2\/media\/387750"}],"wp:attachment":[{"href":"https:\/\/www.pcnen.com\/portal\/wp-json\/wp\/v2\/media?parent=452815"}],"wp:term":[{"taxonomy":"category","embeddable":true,"href":"https:\/\/www.pcnen.com\/portal\/wp-json\/wp\/v2\/categories?post=452815"},{"taxonomy":"post_tag","embeddable":true,"href":"https:\/\/www.pcnen.com\/portal\/wp-json\/wp\/v2\/tags?post=452815"}],"curies":[{"name":"wp","href":"https:\/\/api.w.org\/{rel}","templated":true}]}}