{"id":452799,"date":"2026-03-04T17:08:03","date_gmt":"2026-03-04T16:08:03","guid":{"rendered":"https:\/\/www.pcnen.com\/portal\/?p=452799"},"modified":"2026-03-04T17:08:44","modified_gmt":"2026-03-04T16:08:44","slug":"odt-utvrdjuje-kako-je-zapaljen-bager-na-gradilistu-u-botunu","status":"publish","type":"post","link":"https:\/\/www.pcnen.com\/portal\/2026\/03\/04\/odt-utvrdjuje-kako-je-zapaljen-bager-na-gradilistu-u-botunu\/","title":{"rendered":"ODT utvr\u0111uje kako je zapaljen bager na gradili\u0161tu u Botunu"},"content":{"rendered":"<p>Ma\u0161ina na gradili\u0161tu u Botunu, gdje se gradi Postojenje za pre\u010di\u0161\u0107avanje otpadnih voda, zapaljena je, saznaje Portal RTCG. Predstavnik izvo\u0111a\u010da radova je u Centru bezbjednosti Podgorica, gdje predaje krivi\u010dne prijave. Mje\u0161tanin Botuna Pe\u0111a Stojanovi\u0107 rekao je za TVCG da mje\u0161tani Botuna nemaju ni\u0161ta sa paljenjem bagera, i poziva nadle\u017ene da istra\u017ee slu\u010daj.<\/p>\n<p>Iz policije su nezvani\u010dno saop\u0161tili da su jutros, oko 6 \u010dasova, policijski slu\u017ebenici obavije\u0161teni od strane za\u0161titara koji vr\u0161i fizi\u010dku za\u0161titu unutar i oko objekta gradili\u0161ta kolektora u Botunu da je nepoznato lice u\u0161lo u prostor gradili\u0161ta i zapalilo radnu ma\u0161inu.<\/p>\n<p>&#8220;Sa doga\u0111ajem je upoznat tu\u017eilac u ODT u PG, te policijski slu\u017ebenici, u saradnji sa njim, preduzimaju dalje mjere i radnje na utvr\u0111ivanju svih \u010dinjenica i okolnosti i rasvjetljavanju ovog doga\u0111aja&#8221;, ka\u017eu nam nezvani\u010dno iz UP.<\/p>\n<p>Na gradili\u0161tu je 26. februara 2026. godine, zabilje\u017een je incident u kojem je mu\u0161karac prijetio grupi za\u0161titara koji su obezbje\u0111ivali objekat, navodi se u vanrednom izvje\u0161taju Nadzornog centra kompanije Security Guard Montenegro.<\/p>\n<p>Tada je, kako navode, mu\u0161karac prijetio da \u0107e na gradili\u0161te baciti bombu. Pomenuto lice se kasnije tog dana izvinilo zbog svojih rije\u010di.<\/p>\n<p>Sa doga\u0111ajem je upoznata policija.<\/p>\n<p>Direktor podgori\u010dkog \u201cVodovoda\u201d Aleksandar Ni\u0161avi\u0107 saop\u0161tio je za Portal RTCG da o\u010dekuje da nadle\u017eni efikasno reaguju.<\/p>\n<p>&#8220;Kako smo obavije\u0161teni od strane anga\u017eovanog obezbje\u0111enja i od strane izvo\u0111a\u010da na gradili\u0161tu na kojem se gradi PPOV u industrijskoj zoni KAP-a, u ranim jutarnjim \u010dasovima do\u0161lo je do zapaljenja jedne gra\u0111evinske ma\u0161ine koja je anga\u017eovana na iskopima. U skladu sa procedurom, predstavnici izvo\u0111a\u010da su ovaj slu\u010daj prijavili nadle\u017enim organima i podnijeli prijave, te ovim putem apelujem na nadle\u017ene institucije da reaguju u najkra\u0107em mogu\u0107em roku&#8221;, rekao je za Portal RTCG direktor podgori\u010dkog \u201cVodovoda\u201d Aleksandar Ni\u0161avi\u0107Ka\u017ee da je jasno da se organizovani protesti ne odnose na blokadu saobra\u0107ajnice, ve\u0107 na konkretnu zabranu zaposlenima na gradili\u0161tu da u skladu sa Zakonom pristupe radnom mjestu i obavljaju svoje radne aktivnosti.<\/p>\n<p>&#8220;I ovaj slu\u010daj je prijavljen nadle\u017enim organima te o\u010dekujemo tako\u0111e brzu reakciju, analogno postupanjima u sli\u010dnoj situaciji koja se desila u Op\u0161tini Nik\u0161i\u0107. Jasno je da je u pitanju jedno samovla\u0161\u0107e i vandalizam jednog broja ljudi u odnosu na cijeli sistem i realizaciju najva\u017enijih dr\u017eavnih projekata, te je samim tim reakcija nadle\u017enih organa neophodna u najkra\u0107em mogu\u0107em roku&#8221;, ka\u017ee Ni\u0161avi\u0107.<\/p>\n<p>Mje\u0161tanin Botuna Predrag Stojanovi\u0107 rekao je za TVCG da mje\u0161tani Botuna nemaju ni\u0161ta sa paljenjem bagera.<\/p>\n<p>&#8220;Kad je bager gorio, svi na gradili\u0161tu samo su gledali i stojali. Niko od mje\u0161tana Botuna nije bio tu u momentu dok je bager gorio&#8221;, istakao je Stojanovi\u0107.<\/p>\n<p>Ka\u017ee da je policija jutros sprovodila radnike, strane dr\u017eavljane do gradil\u0161ta.<\/p>\n<p>Gradona\u010delnik Podgorice Sa\u0161a Mujovi\u0107 rekao je da napad na gradili\u0161te postrojenja od najve\u0107eg dr\u017eavnog interesa predstavlja krivi\u010dno djelo usmjereno protiv dr\u017eave i dobra njenih gra\u0111ana.<\/p>\n<p>&#8220;Zato su svaka pri\u010da, molbe ili kritike za ovakav \u010din deplasirane. Adekvatna kazna za po\u010dinioca bi\u0107e najbolji odgovor&#8221;, kazao je Mujovi\u0107 za Portal RTCG.<\/p>\n<p>Mje\u0161tani Botuna od ponedjeljka protestuju svakog dana od 6 do 12 sati.<\/p>\n<p>Navode da je Skup\u0161tina op\u0161tine Zeta donijela odluku o zabrani gradnje Postojenja za pre\u010di\u0161\u0107avanje otpadnih voda u Botunu, a da tu ni referendumsku odluku dr\u017eavne vlasti ne priznaju.<\/p>\n","protected":false},"excerpt":{"rendered":"<p>Podgori\u010dko Osnovno dr\u017eavno tu\u017eila\u0161tvo (ODT) utvr\u0111uje kako je zapaljen bager na gradili\u0161tu postrojenja za pre\u010di\u0161\u0107avanje otpadnih voda u Botunu.<\/p>\n","protected":false},"author":1,"featured_media":441351,"comment_status":"open","ping_status":"closed","sticky":false,"template":"","format":"standard","meta":{"_seopress_robots_primary_cat":"none","_seopress_titles_title":"","_seopress_titles_desc":"","_seopress_robots_index":"","_et_pb_use_builder":"","_et_pb_old_content":"","_et_gb_content_width":"","inline_featured_image":false,"footnotes":""},"categories":[14],"tags":[],"class_list":["post-452799","post","type-post","status-publish","format-standard","has-post-thumbnail","hentry","category-vijesti"],"_links":{"self":[{"href":"https:\/\/www.pcnen.com\/portal\/wp-json\/wp\/v2\/posts\/452799","targetHints":{"allow":["GET"]}}],"collection":[{"href":"https:\/\/www.pcnen.com\/portal\/wp-json\/wp\/v2\/posts"}],"about":[{"href":"https:\/\/www.pcnen.com\/portal\/wp-json\/wp\/v2\/types\/post"}],"author":[{"embeddable":true,"href":"https:\/\/www.pcnen.com\/portal\/wp-json\/wp\/v2\/users\/1"}],"replies":[{"embeddable":true,"href":"https:\/\/www.pcnen.com\/portal\/wp-json\/wp\/v2\/comments?post=452799"}],"version-history":[{"count":1,"href":"https:\/\/www.pcnen.com\/portal\/wp-json\/wp\/v2\/posts\/452799\/revisions"}],"predecessor-version":[{"id":452802,"href":"https:\/\/www.pcnen.com\/portal\/wp-json\/wp\/v2\/posts\/452799\/revisions\/452802"}],"wp:featuredmedia":[{"embeddable":true,"href":"https:\/\/www.pcnen.com\/portal\/wp-json\/wp\/v2\/media\/441351"}],"wp:attachment":[{"href":"https:\/\/www.pcnen.com\/portal\/wp-json\/wp\/v2\/media?parent=452799"}],"wp:term":[{"taxonomy":"category","embeddable":true,"href":"https:\/\/www.pcnen.com\/portal\/wp-json\/wp\/v2\/categories?post=452799"},{"taxonomy":"post_tag","embeddable":true,"href":"https:\/\/www.pcnen.com\/portal\/wp-json\/wp\/v2\/tags?post=452799"}],"curies":[{"name":"wp","href":"https:\/\/api.w.org\/{rel}","templated":true}]}}