{"id":452789,"date":"2026-03-04T08:52:17","date_gmt":"2026-03-04T07:52:17","guid":{"rendered":"https:\/\/www.pcnen.com\/portal\/?p=452789"},"modified":"2026-03-04T15:37:20","modified_gmt":"2026-03-04T14:37:20","slug":"makron-osudio-agresiju-sad-i-izraela-na-iran","status":"publish","type":"post","link":"https:\/\/www.pcnen.com\/portal\/2026\/03\/04\/makron-osudio-agresiju-sad-i-izraela-na-iran\/","title":{"rendered":"Makron osudio agresiju SAD i Izraela na Iran"},"content":{"rendered":"<p>Francuski predsjednik Emanuel Makron je osudio operaciju SAD i Izraela protiv Irana jer izlazi iz okvira me\u0111unarodnog prava.<\/p>\n<p>&#8220;SAD i Izrael su odlu\u010dili da pokrenu vojnu operaciju. Ona je izvedena van granica me\u0111unarodnog prava, \u0161to mi ne mo\u017eemo da odobrimo\u201c, rekao je Makron u obra\u0107anju naciji.<\/p>\n<p>On, me\u0111utim, smatra da je odgovornost za eskalaciju u regionu na Iranu, prenosi Sputnjik.<\/p>\n<p>Makron je kazao da je Francuska od samog po\u010detka u\u010destvovala u obaranju iranskih dronova na nebu iznad prijateljskih dr\u017eava.<\/p>\n","protected":false},"excerpt":{"rendered":"<p>On, me\u0111utim, smatra da je odgovornost za eskalaciju u regionu na Iranu<\/p>\n","protected":false},"author":1,"featured_media":449396,"comment_status":"open","ping_status":"closed","sticky":false,"template":"","format":"standard","meta":{"_seopress_robots_primary_cat":"none","_seopress_titles_title":"","_seopress_titles_desc":"","_seopress_robots_index":"","_et_pb_use_builder":"","_et_pb_old_content":"","_et_gb_content_width":"","inline_featured_image":false,"footnotes":""},"categories":[14],"tags":[],"class_list":["post-452789","post","type-post","status-publish","format-standard","has-post-thumbnail","hentry","category-vijesti"],"_links":{"self":[{"href":"https:\/\/www.pcnen.com\/portal\/wp-json\/wp\/v2\/posts\/452789","targetHints":{"allow":["GET"]}}],"collection":[{"href":"https:\/\/www.pcnen.com\/portal\/wp-json\/wp\/v2\/posts"}],"about":[{"href":"https:\/\/www.pcnen.com\/portal\/wp-json\/wp\/v2\/types\/post"}],"author":[{"embeddable":true,"href":"https:\/\/www.pcnen.com\/portal\/wp-json\/wp\/v2\/users\/1"}],"replies":[{"embeddable":true,"href":"https:\/\/www.pcnen.com\/portal\/wp-json\/wp\/v2\/comments?post=452789"}],"version-history":[{"count":1,"href":"https:\/\/www.pcnen.com\/portal\/wp-json\/wp\/v2\/posts\/452789\/revisions"}],"predecessor-version":[{"id":452792,"href":"https:\/\/www.pcnen.com\/portal\/wp-json\/wp\/v2\/posts\/452789\/revisions\/452792"}],"wp:featuredmedia":[{"embeddable":true,"href":"https:\/\/www.pcnen.com\/portal\/wp-json\/wp\/v2\/media\/449396"}],"wp:attachment":[{"href":"https:\/\/www.pcnen.com\/portal\/wp-json\/wp\/v2\/media?parent=452789"}],"wp:term":[{"taxonomy":"category","embeddable":true,"href":"https:\/\/www.pcnen.com\/portal\/wp-json\/wp\/v2\/categories?post=452789"},{"taxonomy":"post_tag","embeddable":true,"href":"https:\/\/www.pcnen.com\/portal\/wp-json\/wp\/v2\/tags?post=452789"}],"curies":[{"name":"wp","href":"https:\/\/api.w.org\/{rel}","templated":true}]}}