{"id":452778,"date":"2026-03-08T22:25:23","date_gmt":"2026-03-08T21:25:23","guid":{"rendered":"https:\/\/www.pcnen.com\/portal\/?p=452778"},"modified":"2026-03-08T22:54:50","modified_gmt":"2026-03-08T21:54:50","slug":"sin-ubijenog-ajatolaha-novi-vrhovni-vodja-irana","status":"publish","type":"post","link":"https:\/\/www.pcnen.com\/portal\/2026\/03\/08\/sin-ubijenog-ajatolaha-novi-vrhovni-vodja-irana\/","title":{"rendered":"Sin ubijenog ajatolaha novi vrhovni vo\u0111a Irana"},"content":{"rendered":"<p>Iranski Savjet za vo\u0111stvo je izabrao Mojtabu Hoseinija Hamneija za novog vrhovnog vjerskog vo\u0111u Islamske Republike, objavili su iranski mediji. On je najstariji sin ubijenog dugogodi\u0161nji ajatolaha Ali Hamnei.<\/p>\n<p>Savjet je pozvao &#8220;plemenitu naciju Irana, posebno elite i intelektualce seminara i univerziteta, da se zakunu na odanost&#8221; novom vo\u0111i zadu\u017eenom za unapre\u0111enje islamskog sistema vlasti koji je zamijenio \u0161aha nakon revolucije 1979. godine.<\/p>\n<p>Ro\u0111en 1969. godine, Mojtaba je drugo od \u0161estero djece Alija Hamneija. Kao mladi\u0107, borio se kao dobrovoljac tokom iransko-ira\u010dkog rata 1980-ih, a kasnije je studirao religiju u Komu, jednom od najsvetijih gradova Irana i glavnom centru \u0161iitske teologije.<\/p>\n<p>Njegov uticaj posebno je oja\u010dao kada je preuzeo operativno vodstvo nad paravojnom organizacijom Basid\u017e (Basij).<\/p>\n<blockquote class=\"twitter-tweet\">\n<p dir=\"ltr\" lang=\"en\">Iran's Assembly of Experts has appointed Ayatollah Sayyed Mojtaba Khamenei as the new Leader of the Islamic Republic<\/p>\n<p>Follow <a href=\"https:\/\/t.co\/B3zXG73Jym\">https:\/\/t.co\/B3zXG73Jym<\/a> <a href=\"https:\/\/t.co\/CxW1M1EkAC\">pic.twitter.com\/CxW1M1EkAC<\/a><\/p>\n<p>\u2014 Press TV \ud83d\udd3b (@PressTV) <a href=\"https:\/\/twitter.com\/PressTV\/status\/2030754205363781791?ref_src=twsrc%5Etfw\">March 8, 2026<\/a><\/p><\/blockquote>\n<p><script async src=\"https:\/\/platform.twitter.com\/widgets.js\" charset=\"utf-8\"><\/script><\/p>\n<p>&nbsp;<\/p>\n","protected":false},"excerpt":{"rendered":"<p>Iranski Savjet za vo\u0111stvo je izabrao Mojtabu Hoseinija Hamneija za novog vrhovnog vjerskog vo\u0111u Islamske Republike, objavili su iranski mediji<\/p>\n","protected":false},"author":1,"featured_media":452781,"comment_status":"open","ping_status":"closed","sticky":false,"template":"","format":"standard","meta":{"_seopress_robots_primary_cat":"none","_seopress_titles_title":"","_seopress_titles_desc":"","_seopress_robots_index":"","_et_pb_use_builder":"","_et_pb_old_content":"","_et_gb_content_width":"","inline_featured_image":false,"footnotes":""},"categories":[14],"tags":[],"class_list":["post-452778","post","type-post","status-publish","format-standard","has-post-thumbnail","hentry","category-vijesti"],"_links":{"self":[{"href":"https:\/\/www.pcnen.com\/portal\/wp-json\/wp\/v2\/posts\/452778","targetHints":{"allow":["GET"]}}],"collection":[{"href":"https:\/\/www.pcnen.com\/portal\/wp-json\/wp\/v2\/posts"}],"about":[{"href":"https:\/\/www.pcnen.com\/portal\/wp-json\/wp\/v2\/types\/post"}],"author":[{"embeddable":true,"href":"https:\/\/www.pcnen.com\/portal\/wp-json\/wp\/v2\/users\/1"}],"replies":[{"embeddable":true,"href":"https:\/\/www.pcnen.com\/portal\/wp-json\/wp\/v2\/comments?post=452778"}],"version-history":[{"count":5,"href":"https:\/\/www.pcnen.com\/portal\/wp-json\/wp\/v2\/posts\/452778\/revisions"}],"predecessor-version":[{"id":453045,"href":"https:\/\/www.pcnen.com\/portal\/wp-json\/wp\/v2\/posts\/452778\/revisions\/453045"}],"wp:featuredmedia":[{"embeddable":true,"href":"https:\/\/www.pcnen.com\/portal\/wp-json\/wp\/v2\/media\/452781"}],"wp:attachment":[{"href":"https:\/\/www.pcnen.com\/portal\/wp-json\/wp\/v2\/media?parent=452778"}],"wp:term":[{"taxonomy":"category","embeddable":true,"href":"https:\/\/www.pcnen.com\/portal\/wp-json\/wp\/v2\/categories?post=452778"},{"taxonomy":"post_tag","embeddable":true,"href":"https:\/\/www.pcnen.com\/portal\/wp-json\/wp\/v2\/tags?post=452778"}],"curies":[{"name":"wp","href":"https:\/\/api.w.org\/{rel}","templated":true}]}}