{"id":452674,"date":"2026-03-02T20:44:22","date_gmt":"2026-03-02T19:44:22","guid":{"rendered":"https:\/\/www.pcnen.com\/portal\/?p=452674"},"modified":"2026-03-02T20:44:22","modified_gmt":"2026-03-02T19:44:22","slug":"u-juznim-oblastima-crne-gore-pretezno-suncano","status":"publish","type":"post","link":"https:\/\/www.pcnen.com\/portal\/2026\/03\/02\/u-juznim-oblastima-crne-gore-pretezno-suncano\/","title":{"rendered":"U ju\u017enim oblastima Crne Gore prete\u017eno sun\u010dano"},"content":{"rendered":"<p>U ju\u017enim oblastima Crne Gore bi\u0107e u utorak prete\u017eno sun\u010dano, a u sjevernim promjenljivo obla\u010dno sa intervalima sun\u010danog vremena.<\/p>\n<p>U ni\u017eim predjelima na sjeveru zemlje tek ponegdje bi\u0107e mogu\u0107a kratkotrajna jutarnja magla.<\/p>\n<p>Vjetar promjenljivog smjera bi\u0107e uglavnom slab.<\/p>\n<p>Jutarnja temperatura vazduha bi\u0107e u rasponu od -1 do 9 stepeni, a najvi\u0161a dnevna od 9 do 19 stepeni.<\/p>\n<blockquote><p>U Podgorici \u0107e biti prete\u017eno sun\u010dano, a vjetar promjenljivog smjera bi\u0107e slab. Jutarnja temperatura vazduha bi\u0107e oko 7 stepeni, a najvi\u0161a dnevna oko 19 stepeni.<\/p><\/blockquote>\n","protected":false},"excerpt":{"rendered":"<p>U sjevernim oblastima promjenljivo obla\u010dno sa intervalima sun\u010danog vremena<\/p>\n","protected":false},"author":1,"featured_media":397799,"comment_status":"open","ping_status":"closed","sticky":false,"template":"","format":"standard","meta":{"_seopress_robots_primary_cat":"none","_seopress_titles_title":"","_seopress_titles_desc":"","_seopress_robots_index":"","_et_pb_use_builder":"","_et_pb_old_content":"","_et_gb_content_width":"","inline_featured_image":false,"footnotes":""},"categories":[14],"tags":[],"class_list":["post-452674","post","type-post","status-publish","format-standard","has-post-thumbnail","hentry","category-vijesti"],"_links":{"self":[{"href":"https:\/\/www.pcnen.com\/portal\/wp-json\/wp\/v2\/posts\/452674","targetHints":{"allow":["GET"]}}],"collection":[{"href":"https:\/\/www.pcnen.com\/portal\/wp-json\/wp\/v2\/posts"}],"about":[{"href":"https:\/\/www.pcnen.com\/portal\/wp-json\/wp\/v2\/types\/post"}],"author":[{"embeddable":true,"href":"https:\/\/www.pcnen.com\/portal\/wp-json\/wp\/v2\/users\/1"}],"replies":[{"embeddable":true,"href":"https:\/\/www.pcnen.com\/portal\/wp-json\/wp\/v2\/comments?post=452674"}],"version-history":[{"count":1,"href":"https:\/\/www.pcnen.com\/portal\/wp-json\/wp\/v2\/posts\/452674\/revisions"}],"predecessor-version":[{"id":452677,"href":"https:\/\/www.pcnen.com\/portal\/wp-json\/wp\/v2\/posts\/452674\/revisions\/452677"}],"wp:featuredmedia":[{"embeddable":true,"href":"https:\/\/www.pcnen.com\/portal\/wp-json\/wp\/v2\/media\/397799"}],"wp:attachment":[{"href":"https:\/\/www.pcnen.com\/portal\/wp-json\/wp\/v2\/media?parent=452674"}],"wp:term":[{"taxonomy":"category","embeddable":true,"href":"https:\/\/www.pcnen.com\/portal\/wp-json\/wp\/v2\/categories?post=452674"},{"taxonomy":"post_tag","embeddable":true,"href":"https:\/\/www.pcnen.com\/portal\/wp-json\/wp\/v2\/tags?post=452674"}],"curies":[{"name":"wp","href":"https:\/\/api.w.org\/{rel}","templated":true}]}}