{"id":452640,"date":"2026-03-02T15:46:02","date_gmt":"2026-03-02T14:46:02","guid":{"rendered":"https:\/\/www.pcnen.com\/portal\/?p=452640"},"modified":"2026-03-02T15:46:02","modified_gmt":"2026-03-02T14:46:02","slug":"milanovic-povlacim-hrvatske-vojnike-iz-iraka-i-libana","status":"publish","type":"post","link":"https:\/\/www.pcnen.com\/portal\/2026\/03\/02\/milanovic-povlacim-hrvatske-vojnike-iz-iraka-i-libana\/","title":{"rendered":"Milanovi\u0107: Povla\u010dim hrvatske vojnike iz Iraka i Libana"},"content":{"rendered":"<p>Predsjednik Hrvatske Zoran Milanovi\u0107 je odlu\u010dio da povu\u010de sedmoricu hrvatskih vojnika iz Iraka i jednog vojnika iz Libana i naredio na\u010delniku Glavnog sto\u017eera OSRH da odmah pokrene aktivnosti povla\u010denja hrvatskih vojnika.<\/p>\n<p>Milanovi\u0107 je pozvaio Vladu RH da u okviru svoje nadle\u017enosti poduzme sve potrebne mjere radi za\u0161tite i povratka hrvatskih gra\u0111ana koji su se zatekli na podru\u010dju vojnih aktivnosti&#8221;, <a href=\"https:\/\/www.index.hr\/vijesti\/clanak\/milanovic-povlacim-hrvatske-vojnike-iz-iraka-i-libanona\/2766452.aspx\" target=\"_blank\" rel=\"noopener\">prenosi Index.hr.<\/a><\/p>\n","protected":false},"excerpt":{"rendered":"<p>Predsjednik Hrvatske Zoran Milanovi\u0107 je odlu\u010dio da povu\u010de sedmoricu hrvatskih vojnika iz Iraka i jednog vojnika iz Libana i naredio na\u010delniku Glavnog sto\u017eera OSRH da odmah pokrene aktivnosti povla\u010denja hrvatskih vojnika<\/p>\n","protected":false},"author":1,"featured_media":342120,"comment_status":"open","ping_status":"closed","sticky":false,"template":"","format":"standard","meta":{"_seopress_robots_primary_cat":"none","_seopress_titles_title":"","_seopress_titles_desc":"","_seopress_robots_index":"","_et_pb_use_builder":"","_et_pb_old_content":"","_et_gb_content_width":"","inline_featured_image":false,"footnotes":""},"categories":[17],"tags":[],"class_list":["post-452640","post","type-post","status-publish","format-standard","has-post-thumbnail","hentry","category-blogovi"],"_links":{"self":[{"href":"https:\/\/www.pcnen.com\/portal\/wp-json\/wp\/v2\/posts\/452640","targetHints":{"allow":["GET"]}}],"collection":[{"href":"https:\/\/www.pcnen.com\/portal\/wp-json\/wp\/v2\/posts"}],"about":[{"href":"https:\/\/www.pcnen.com\/portal\/wp-json\/wp\/v2\/types\/post"}],"author":[{"embeddable":true,"href":"https:\/\/www.pcnen.com\/portal\/wp-json\/wp\/v2\/users\/1"}],"replies":[{"embeddable":true,"href":"https:\/\/www.pcnen.com\/portal\/wp-json\/wp\/v2\/comments?post=452640"}],"version-history":[{"count":1,"href":"https:\/\/www.pcnen.com\/portal\/wp-json\/wp\/v2\/posts\/452640\/revisions"}],"predecessor-version":[{"id":452643,"href":"https:\/\/www.pcnen.com\/portal\/wp-json\/wp\/v2\/posts\/452640\/revisions\/452643"}],"wp:featuredmedia":[{"embeddable":true,"href":"https:\/\/www.pcnen.com\/portal\/wp-json\/wp\/v2\/media\/342120"}],"wp:attachment":[{"href":"https:\/\/www.pcnen.com\/portal\/wp-json\/wp\/v2\/media?parent=452640"}],"wp:term":[{"taxonomy":"category","embeddable":true,"href":"https:\/\/www.pcnen.com\/portal\/wp-json\/wp\/v2\/categories?post=452640"},{"taxonomy":"post_tag","embeddable":true,"href":"https:\/\/www.pcnen.com\/portal\/wp-json\/wp\/v2\/tags?post=452640"}],"curies":[{"name":"wp","href":"https:\/\/api.w.org\/{rel}","templated":true}]}}