{"id":452621,"date":"2026-03-02T15:14:01","date_gmt":"2026-03-02T14:14:01","guid":{"rendered":"https:\/\/www.pcnen.com\/portal\/?p=452621"},"modified":"2026-03-02T15:25:05","modified_gmt":"2026-03-02T14:25:05","slug":"kuvajtska-pvo-greskom-oborila-tri-americka-aviona-video","status":"publish","type":"post","link":"https:\/\/www.pcnen.com\/portal\/2026\/03\/02\/kuvajtska-pvo-greskom-oborila-tri-americka-aviona-video\/","title":{"rendered":"Kuvajtska PVO gre\u0161kom oborila tri ameri\u010dka aviona (video)"},"content":{"rendered":"<p>Centralna vojna komanda SAD je objavila da je kuvajtska PVO gre\u0161kom oborila tri ameri\u010dka borbena aviona, dok su iranske snage preuzele odgovornost za obaranje jednog aviona F-15.<\/p>\n<p>Prethodno je\u00a0Ministarstvo odbrane Kuvajta saop\u0161tilo da se &#8220;nekoliko&#8221; ameri\u010dkih ratnih aviona sru\u0161ilo u toj zemlji i da su \u010dlanovi svih posada pre\u017eivjeli.<\/p>\n<p>Portal &#8220;Clash report&#8221; je objavio snimak pada ameri\u010dkog vojnog aviona F-15 u Kuvajtu.<\/p>\n<p>Na snimku koji je portal objavio na dru\u0161tvenoj mre\u017ei X vidi se kako avion, u plamenu, pada vrte\u0107i se u krug.<\/p>\n<p>Kako se navodi, pilot aviona se katapultirao i pre\u017eivio.<\/p>\n<p>Portal dodaje da je lokalno stanovni\u0161tvo stavilo pilota u gepek automobila i odvezlo ga na bezbjedno, prenosi Tanjug.<\/p>\n<blockquote class=\"twitter-tweet\">\n<p dir=\"ltr\" lang=\"en\">BREAKING: A U.S. fighter jet has crashed in Kuwait. <a href=\"https:\/\/t.co\/W6Mgim47iO\">pic.twitter.com\/W6Mgim47iO<\/a><\/p>\n<p>\u2014 Clash Report (@clashreport) <a href=\"https:\/\/twitter.com\/clashreport\/status\/2028335797586252085?ref_src=twsrc%5Etfw\">March 2, 2026<\/a><\/p><\/blockquote>\n<p><script async src=\"https:\/\/platform.twitter.com\/widgets.js\" charset=\"utf-8\"><\/script><\/p>\n","protected":false},"excerpt":{"rendered":"<p>Centralna vojna komanda SAD je objavila da je kuvajtska PVO gre\u0161kom oborila tri ameri\u010dka borbena aviona, dok su iranske snage preuzele odgovornost za obaranje jednog aviona F-15<\/p>\n","protected":false},"author":1,"featured_media":433339,"comment_status":"open","ping_status":"closed","sticky":false,"template":"","format":"standard","meta":{"_seopress_robots_primary_cat":"none","_seopress_titles_title":"","_seopress_titles_desc":"","_seopress_robots_index":"","_et_pb_use_builder":"","_et_pb_old_content":"","_et_gb_content_width":"","inline_featured_image":false,"footnotes":""},"categories":[14],"tags":[],"class_list":["post-452621","post","type-post","status-publish","format-standard","has-post-thumbnail","hentry","category-vijesti"],"_links":{"self":[{"href":"https:\/\/www.pcnen.com\/portal\/wp-json\/wp\/v2\/posts\/452621","targetHints":{"allow":["GET"]}}],"collection":[{"href":"https:\/\/www.pcnen.com\/portal\/wp-json\/wp\/v2\/posts"}],"about":[{"href":"https:\/\/www.pcnen.com\/portal\/wp-json\/wp\/v2\/types\/post"}],"author":[{"embeddable":true,"href":"https:\/\/www.pcnen.com\/portal\/wp-json\/wp\/v2\/users\/1"}],"replies":[{"embeddable":true,"href":"https:\/\/www.pcnen.com\/portal\/wp-json\/wp\/v2\/comments?post=452621"}],"version-history":[{"count":3,"href":"https:\/\/www.pcnen.com\/portal\/wp-json\/wp\/v2\/posts\/452621\/revisions"}],"predecessor-version":[{"id":452639,"href":"https:\/\/www.pcnen.com\/portal\/wp-json\/wp\/v2\/posts\/452621\/revisions\/452639"}],"wp:featuredmedia":[{"embeddable":true,"href":"https:\/\/www.pcnen.com\/portal\/wp-json\/wp\/v2\/media\/433339"}],"wp:attachment":[{"href":"https:\/\/www.pcnen.com\/portal\/wp-json\/wp\/v2\/media?parent=452621"}],"wp:term":[{"taxonomy":"category","embeddable":true,"href":"https:\/\/www.pcnen.com\/portal\/wp-json\/wp\/v2\/categories?post=452621"},{"taxonomy":"post_tag","embeddable":true,"href":"https:\/\/www.pcnen.com\/portal\/wp-json\/wp\/v2\/tags?post=452621"}],"curies":[{"name":"wp","href":"https:\/\/api.w.org\/{rel}","templated":true}]}}