{"id":452615,"date":"2026-03-02T09:34:11","date_gmt":"2026-03-02T08:34:11","guid":{"rendered":"https:\/\/www.pcnen.com\/portal\/?p=452615"},"modified":"2026-03-02T09:37:11","modified_gmt":"2026-03-02T08:37:11","slug":"direktori-nacionalnih-parkova-i-agencije-za-zastitu-zivotne-sredine-osumnjiceni-za-stetu-vecu-od-pet-miliona-eura","status":"publish","type":"post","link":"https:\/\/www.pcnen.com\/portal\/2026\/03\/02\/direktori-nacionalnih-parkova-i-agencije-za-zastitu-zivotne-sredine-osumnjiceni-za-stetu-vecu-od-pet-miliona-eura\/","title":{"rendered":"Direktori Nacionalnih parkova i Agencije za za\u0161titu \u017eivotne sredine osumnji\u010deni za \u0161tetu ve\u0107u od pet miliona eura"},"content":{"rendered":"<p>Plavska policija je Osnovnom dr\u017eavnom tu\u017eila\u0161tvu podnijela krivi\u010dnu prijavu protiv \u010detiri javna funkcionera &#8211; Marinele \u0110ureti\u0107, Vladimira Martinovi\u0107a i Aleksandra Bulatovi\u0107a, te Milana Gazdi\u0107a.<\/p>\n<p>Zbog sumnje da je izvr\u0161io krivi\u010dno djelo nepreduzimanje mjera za\u0161tite \u017eivotne sredine, u sticaju sa krivi\u010dnim djelom o\u0161te\u0107enje \u017eivotne sredine, podnijeta je krivi\u010dna prijava protiv M.G., direktora Agencije za za\u0161titu \u017eivotne sredine.<\/p>\n<p>Tako\u0111e, zbog sumnje da su, za vrijeme rukovo\u0111enja JP Nacionalni parkovi CG, po\u010dinili krivi\u010dno djelo o\u0161te\u0107enje \u017eivotne sredine u sticaju sa krivi\u010dnim djelom preno\u0161enje zaraznih bolesti kod \u017eivotinja i biljaka, podnijeta je krivi\u010dna prijava protiv M.\u0110. \u2013 direktorice JP Nacionalni parkovi Crne Gore, kao i protiv dva biv\u0161a direktora JP Nacionalni parkovi CG: V.M., koji je rukovodio u periodu od novembra 2022. godine do septembra 2024. godine, i A.B., koji je rukovodio u periodu od novembra 2021. godine do oktobra 2022. godine, navodi se u saop\u0161tenju Uprave policije.<\/p>\n<p>Prijavljeni su, kako se sumnja, izvr\u0161ili navedena krivi\u010dna djela tako \u0161to su, nepreduzimanjem obaveznih mjera i radnji iz svoje nadle\u017enosti, omogu\u0107ili nekontrolisano \u0161irenje \u0161tetnog insekta \u2013 potkornjaka u zoni NP Prokletije, \u0161to je dovelo do masovnog uni\u0161tenja vi\u0161e od 120.000 stabala smr\u010de, jele i za\u0161ti\u0107ene vrste molike na povr\u0161ini ve\u0107oj od 300 hektara. Time je, dodaje se, pri\u010dinjena materijalna \u0161teta ve\u0107a od pet miliona eura, a istovremeno izazvano trajno i nepovratno o\u0161te\u0107enje \u017eivotne sredine u \u0161iroj mjeri i ve\u0107em obimu.<\/p>\n<p>Naime, kriminalisti\u010dkom obradom prikupljeni su dokazi koji ukazuju da su prijavljeni, iako su kontinuirano bili upoznati sa pojavom \u0161tetnog insekta potkornjaka i razmjerama nastale \u0161tete, suprotno zakonom propisanim obavezama, Planu i programima upravljanja Nacionalnim parkovima CG, te rje\u0161enju inspektora \u0161umarstva, lovstva i za\u0161tite bilja, svjesno propustili da preduzmu obavezne mjere sanitarne sje\u010de. Na taj na\u010din su u zoni NP Prokletije omogu\u0107ili masovnu pojavu i nekontrolisano \u0161irenje potkornjaka, prouzrokuju\u0107i dugotrajnu i te\u0161ko sanabilnu \u0161tetu \u017eivotnoj sredini, \u0161to je dovelo do uni\u0161tenja \u010detinarske \u0161ume na velikom broju lokacija, na povr\u0161ini od oko 300 hektara, isti\u010de se u saop\u0161tenju.<\/p>\n<p>Nepreduzimanje propisanih mjera dovelo je, navodi se, do vi\u0161estrukih ekolo\u0161kih posljedica i nanijelo zna\u010dajnu \u0161tetu \u017eivotnoj sredini, uklju\u010duju\u0107i gubitak biodiverziteta i stani\u0161ta za\u0161ti\u0107enih vrsta biljaka i \u017eivotinja koje direktno zavise od zdravih \u010detinarskih \u0161uma.<\/p>\n<p>Pove\u0107an je rizik od erozije zemlji\u0161ta, klizi\u0161ta, smanjenja kvaliteta vazduha i buji\u010dnih poplava, kao i rizik od izbijanja po\u017eara usljed velike koncentracije suvih stabala u \u0161umi, \u0161to predstavlja direktnu prijetnju cjelokupnom \u0161umskom ekosistemu, zaklju\u010duje UP.<\/p>\n","protected":false},"excerpt":{"rendered":"<p>Plavska policija je Osnovnom dr\u017eavnom tu\u017eila\u0161tvu podnijela krivi\u010dnu prijavu protiv \u010detiri javna funkcionera &#8211; Marinele \u0110ureti\u0107, Vladimira Martinovi\u0107a i Aleksandra Bulatovi\u0107a, te Milana Gazdi\u0107a.<\/p>\n","protected":false},"author":1,"featured_media":406963,"comment_status":"open","ping_status":"closed","sticky":false,"template":"","format":"standard","meta":{"_seopress_robots_primary_cat":"none","_seopress_titles_title":"","_seopress_titles_desc":"","_seopress_robots_index":"","_et_pb_use_builder":"","_et_pb_old_content":"","_et_gb_content_width":"","inline_featured_image":false,"footnotes":""},"categories":[14],"tags":[],"class_list":["post-452615","post","type-post","status-publish","format-standard","has-post-thumbnail","hentry","category-vijesti"],"_links":{"self":[{"href":"https:\/\/www.pcnen.com\/portal\/wp-json\/wp\/v2\/posts\/452615","targetHints":{"allow":["GET"]}}],"collection":[{"href":"https:\/\/www.pcnen.com\/portal\/wp-json\/wp\/v2\/posts"}],"about":[{"href":"https:\/\/www.pcnen.com\/portal\/wp-json\/wp\/v2\/types\/post"}],"author":[{"embeddable":true,"href":"https:\/\/www.pcnen.com\/portal\/wp-json\/wp\/v2\/users\/1"}],"replies":[{"embeddable":true,"href":"https:\/\/www.pcnen.com\/portal\/wp-json\/wp\/v2\/comments?post=452615"}],"version-history":[{"count":3,"href":"https:\/\/www.pcnen.com\/portal\/wp-json\/wp\/v2\/posts\/452615\/revisions"}],"predecessor-version":[{"id":452620,"href":"https:\/\/www.pcnen.com\/portal\/wp-json\/wp\/v2\/posts\/452615\/revisions\/452620"}],"wp:featuredmedia":[{"embeddable":true,"href":"https:\/\/www.pcnen.com\/portal\/wp-json\/wp\/v2\/media\/406963"}],"wp:attachment":[{"href":"https:\/\/www.pcnen.com\/portal\/wp-json\/wp\/v2\/media?parent=452615"}],"wp:term":[{"taxonomy":"category","embeddable":true,"href":"https:\/\/www.pcnen.com\/portal\/wp-json\/wp\/v2\/categories?post=452615"},{"taxonomy":"post_tag","embeddable":true,"href":"https:\/\/www.pcnen.com\/portal\/wp-json\/wp\/v2\/tags?post=452615"}],"curies":[{"name":"wp","href":"https:\/\/api.w.org\/{rel}","templated":true}]}}