{"id":452611,"date":"2026-03-02T10:20:16","date_gmt":"2026-03-02T09:20:16","guid":{"rendered":"https:\/\/www.pcnen.com\/portal\/?p=452611"},"modified":"2026-03-02T10:20:16","modified_gmt":"2026-03-02T09:20:16","slug":"kontrolno-saslusanje-scepanovica-saranovica-ivice-janovica-zorana-radovica-i-bojana-bozovica-uzivo","status":"publish","type":"post","link":"https:\/\/www.pcnen.com\/portal\/2026\/03\/02\/kontrolno-saslusanje-scepanovica-saranovica-ivice-janovica-zorana-radovica-i-bojana-bozovica-uzivo\/","title":{"rendered":"Kontrolno saslu\u0161anje \u0160\u0107epanovi\u0107a, \u0160aranovi\u0107a, Ivice Janovi\u0107a, Zorana Radovi\u0107a i Bojana Bo\u017eovi\u0107a (u\u017eivo)"},"content":{"rendered":"<p>Zajedni\u010dka sjednica Odbora za bezbjednost i odbranu i Odbora za politi\u010dki sistem, pravosu\u0111e i upravu bi\u0107e odr\u017eana danas, a na dnevnom redu je kontrolno saslu\u0161anje na temu utvr\u0111ivanja okolnosti u vezi sa bjekstvom prvostepeno osu\u0111enog Milo\u0161a Medenice.<\/p>\n<p>Po\u010detak sjednice zakazan je za 10 sati.<\/p>\n<p>Na zajedni\u010dkoj sjednici odbora trebalo bi da bude obavljeno kontrolno saslu\u0161anje direktora Uprave policije Lazara \u0160\u0107epanovi\u0107a, ministra unutra\u0161njih poslova Danila \u0160aranovi\u0107a, direktora Agencije za nacionalnu bezbjednost Ivice Janovi\u0107a i ministra pravde Bojana Bo\u017eovi\u0107a.<\/p>\n<p>Iako su pozvani da daju poja\u0161njenja o propustima koji su doveli do toga da se osu\u0111eno lice na\u0111e u bjekstvu, predstavnici sudske vlasti odlu\u010dili su da se ne odazovu pozivu parlamenta. Predsjednik Vi\u0161eg suda u Podgorici Zoran Radovi\u0107 zvani\u010dno je saop\u0161tio da ne\u0107e prisustvovati saslu\u0161anju.<\/p>\n<p>Iz Vrhovnog suda su konstatovali da ne postoje ustavni i zakonski osnovi, niti me\u0111unarodno priznati standardi koji opravdavaju u\u010de\u0161\u0107e predstavnika sudske vlasti, pojedinog sudije ili predsjednika suda na kontrolnom saslu\u0161anju u formatu u kojem je poziv upu\u0107en.<\/p>\n<blockquote><p>Milo\u0161 Medenica je osu\u0111en na deset godina i dva mjeseca zatvora, a nakon izricanja presude je pobjegao i za njim je raspisana crvena Interpolova potjernica.<\/p>\n<p>Vi\u0161i sud u Podgorici prvostepeno je osudio Medenicu zbog krivi\u010dnih djela stvaranje kriminalne organizacije, krijum\u010darenje, protivzakoniti uticaj putem pomaganja, nedozvoljeno dr\u017eanje oru\u017eja i eksplozivnih materija.<\/p><\/blockquote>\n<p><iframe loading=\"lazy\" title=\"YouTube video player\" src=\"https:\/\/www.youtube.com\/embed\/Vgv58-IqNjY?si=ulvJW29KbHzQj3hd\" width=\"560\" height=\"315\" frameborder=\"0\" allowfullscreen=\"allowfullscreen\"><\/iframe><\/p>\n","protected":false},"excerpt":{"rendered":"<p>Zajedni\u010dka sjednica Odbora za bezbjednost i odbranu i Odbora za politi\u010dki sistem, pravosu\u0111e i upravu bi\u0107e odr\u017eana danas, a na dnevnom redu je kontrolno saslu\u0161anje na temu utvr\u0111ivanja okolnosti u vezi sa bjekstvom prvostepeno osu\u0111enog Milo\u0161a Medenice.<\/p>\n","protected":false},"author":1,"featured_media":393471,"comment_status":"open","ping_status":"closed","sticky":false,"template":"","format":"standard","meta":{"_seopress_robots_primary_cat":"none","_seopress_titles_title":"","_seopress_titles_desc":"","_seopress_robots_index":"","_et_pb_use_builder":"","_et_pb_old_content":"","_et_gb_content_width":"","inline_featured_image":false,"footnotes":""},"categories":[14],"tags":[],"class_list":["post-452611","post","type-post","status-publish","format-standard","has-post-thumbnail","hentry","category-vijesti"],"_links":{"self":[{"href":"https:\/\/www.pcnen.com\/portal\/wp-json\/wp\/v2\/posts\/452611","targetHints":{"allow":["GET"]}}],"collection":[{"href":"https:\/\/www.pcnen.com\/portal\/wp-json\/wp\/v2\/posts"}],"about":[{"href":"https:\/\/www.pcnen.com\/portal\/wp-json\/wp\/v2\/types\/post"}],"author":[{"embeddable":true,"href":"https:\/\/www.pcnen.com\/portal\/wp-json\/wp\/v2\/users\/1"}],"replies":[{"embeddable":true,"href":"https:\/\/www.pcnen.com\/portal\/wp-json\/wp\/v2\/comments?post=452611"}],"version-history":[{"count":1,"href":"https:\/\/www.pcnen.com\/portal\/wp-json\/wp\/v2\/posts\/452611\/revisions"}],"predecessor-version":[{"id":452614,"href":"https:\/\/www.pcnen.com\/portal\/wp-json\/wp\/v2\/posts\/452611\/revisions\/452614"}],"wp:featuredmedia":[{"embeddable":true,"href":"https:\/\/www.pcnen.com\/portal\/wp-json\/wp\/v2\/media\/393471"}],"wp:attachment":[{"href":"https:\/\/www.pcnen.com\/portal\/wp-json\/wp\/v2\/media?parent=452611"}],"wp:term":[{"taxonomy":"category","embeddable":true,"href":"https:\/\/www.pcnen.com\/portal\/wp-json\/wp\/v2\/categories?post=452611"},{"taxonomy":"post_tag","embeddable":true,"href":"https:\/\/www.pcnen.com\/portal\/wp-json\/wp\/v2\/tags?post=452611"}],"curies":[{"name":"wp","href":"https:\/\/api.w.org\/{rel}","templated":true}]}}