{"id":452601,"date":"2026-03-02T07:36:53","date_gmt":"2026-03-02T06:36:53","guid":{"rendered":"https:\/\/www.pcnen.com\/portal\/?p=452601"},"modified":"2026-03-02T07:36:53","modified_gmt":"2026-03-02T06:36:53","slug":"tramp-procijenio-da-ce-rat-sa-iranom-trajati-cetiri-sedmice","status":"publish","type":"post","link":"https:\/\/www.pcnen.com\/portal\/2026\/03\/02\/tramp-procijenio-da-ce-rat-sa-iranom-trajati-cetiri-sedmice\/","title":{"rendered":"Tramp procijenio da \u0107e rat sa Iranom trajati \u010detiri sedmice"},"content":{"rendered":"<p>Izrael i SAD su tokom no\u0107i izvele nove napada na mete u Iranu, a Islamska republika je uzvratila udarima po vojnim ciljevima u Izraelu i ameri\u010dkim bazama u arapskim zemljama.<\/p>\n<p>Predsjednik SAD Donald Tramp je izjavio sino\u0107 da bi rat sa Iranom\u00a0 mogao potrajati \u010detiri sedmice. Prethodno je kazao da je spreman za nastavak pregovora, ali je iz Teherana stigao odgovor da sa SAD vi\u0161e nema pregovora.<\/p>\n<p>Na dru\u0161tvenim\u00a0 mre\u017eama se spakulisalo da je izraelski premijer Bend\u017eamin\u00a0 Natannjahu ubijen, ali nijedan kredibilan izvor to nije potvrdio.<\/p>\n","protected":false},"excerpt":{"rendered":"<p>Na dru\u0161tvenim\u00a0 mre\u017eama se spakulisalo da je izraelski premijer Bend\u017eamin\u00a0 Natannjahu ubijen, ali nijedan kredibilan izvor to nije potvrdio<\/p>\n","protected":false},"author":1,"featured_media":427153,"comment_status":"open","ping_status":"closed","sticky":false,"template":"","format":"standard","meta":{"_seopress_robots_primary_cat":"none","_seopress_titles_title":"","_seopress_titles_desc":"","_seopress_robots_index":"","_et_pb_use_builder":"","_et_pb_old_content":"","_et_gb_content_width":"","inline_featured_image":false,"footnotes":""},"categories":[14],"tags":[],"class_list":["post-452601","post","type-post","status-publish","format-standard","has-post-thumbnail","hentry","category-vijesti"],"_links":{"self":[{"href":"https:\/\/www.pcnen.com\/portal\/wp-json\/wp\/v2\/posts\/452601","targetHints":{"allow":["GET"]}}],"collection":[{"href":"https:\/\/www.pcnen.com\/portal\/wp-json\/wp\/v2\/posts"}],"about":[{"href":"https:\/\/www.pcnen.com\/portal\/wp-json\/wp\/v2\/types\/post"}],"author":[{"embeddable":true,"href":"https:\/\/www.pcnen.com\/portal\/wp-json\/wp\/v2\/users\/1"}],"replies":[{"embeddable":true,"href":"https:\/\/www.pcnen.com\/portal\/wp-json\/wp\/v2\/comments?post=452601"}],"version-history":[{"count":2,"href":"https:\/\/www.pcnen.com\/portal\/wp-json\/wp\/v2\/posts\/452601\/revisions"}],"predecessor-version":[{"id":452605,"href":"https:\/\/www.pcnen.com\/portal\/wp-json\/wp\/v2\/posts\/452601\/revisions\/452605"}],"wp:featuredmedia":[{"embeddable":true,"href":"https:\/\/www.pcnen.com\/portal\/wp-json\/wp\/v2\/media\/427153"}],"wp:attachment":[{"href":"https:\/\/www.pcnen.com\/portal\/wp-json\/wp\/v2\/media?parent=452601"}],"wp:term":[{"taxonomy":"category","embeddable":true,"href":"https:\/\/www.pcnen.com\/portal\/wp-json\/wp\/v2\/categories?post=452601"},{"taxonomy":"post_tag","embeddable":true,"href":"https:\/\/www.pcnen.com\/portal\/wp-json\/wp\/v2\/tags?post=452601"}],"curies":[{"name":"wp","href":"https:\/\/api.w.org\/{rel}","templated":true}]}}