{"id":452560,"date":"2026-03-01T17:53:07","date_gmt":"2026-03-01T16:53:07","guid":{"rendered":"https:\/\/www.pcnen.com\/portal\/?p=452560"},"modified":"2026-03-01T17:53:07","modified_gmt":"2026-03-01T16:53:07","slug":"nastavljeno-sudjenje-gasovicu-za-zlocin-protiv-covjecnosti-saslusana-dva-od-13-planiranih-svjedoka","status":"publish","type":"post","link":"https:\/\/www.pcnen.com\/portal\/2026\/03\/01\/nastavljeno-sudjenje-gasovicu-za-zlocin-protiv-covjecnosti-saslusana-dva-od-13-planiranih-svjedoka\/","title":{"rendered":"Nastavljeno su\u0111enje Ga\u0161ovi\u0107u za zlo\u010din protiv \u010dovje\u010dnosti: Saslu\u0161ana dva od 13 planiranih svjedoka"},"content":{"rendered":"<blockquote><p><strong>Javlja: HRA<\/strong><\/p><\/blockquote>\n<p>Pred Vi\u0161im sudom u Podgorici u \u010detvrtak je nastavljeno su\u0111enje Zoranu Ga\u0161ovi\u0107u, optu\u017eenom za zlo\u010din protiv \u010dovje\u010dnosti po\u010dinjen 1992. godine u Had\u017ei\u0107ima (BiH). Od trinaest pozvanih svjedoka iz BiH, na poziv se odazvalo deset, a saslu\u0161ano je samo dvoje.<\/p>\n<p>Prema optu\u017enici, Ga\u0161ovi\u0107 se, izme\u0111u ostalog, tereti i da je od maja do kraja juna 1992. u\u010destvovao u nezakonitom zatvaranju, mu\u010denju i ispitivanju civila u objektima Gara\u017ea i Sportska dvorana u Had\u017ei\u0107ima, kao i u prinudnom preseljenju oko 280 civila u kasarnu \u201eSlavi\u0161a Vajner \u010ci\u010da\u201c u Lukavici. On je navodno sa\u010dinio spisak pritvorenika, na kojem je imena 49 njih zaokru\u017eio crvenom hemijskom olovkom, od kojih su onda 23. juna 1992. godine 48 odvedeni na nepoznatu lokaciju i do danas se vode kao nestali.<\/p>\n<p>Svjedok o\u0161te\u0107eni Nuh Hrnji\u0107 govorio je na su\u0111enju o njegovom ocu Avdu, koji je, kako je naveo, bio zato\u010den u Gara\u017ei oko dvadeset dana. Istakao je da su tih 48 ljudi bili \u201edobri i ugledni gra\u0111ani op\u0161tine Had\u017ei\u0107i\u201c i da se niko od njih nije vratio. Dodao je da je njegov otac bio prvi visokoobrazovani \u010dovjek u op\u0161tini Had\u017ei\u0107i i da je u trenutku zarobljavanja imao 71 godinu.<\/p>\n<p>O Ga\u0161ovi\u0107evoj ulozi, kako je rekao, zna iz iskaza pre\u017eivjelih svjedoka.<\/p>\n<p>Advokat odbrane, Danilo Mi\u0107ovi\u0107, pitao je svjedoka da li je on ili neko od \u010dlanova njegove porodice tokom rata u\u010destvovao u vojnim ili paravojnim formacijama, te u kojoj formaciji, u kom periodu i u kojem svojstvu. Specijalna tu\u017eiteljka Tanja \u010colan Dereti\u0107 se usprotivila tom pitanju, navode\u0107i da je Avdo Hrnji\u0107 bio civil i da su pitanja o drugim licima irelevantna.<\/p>\n<p>Po\u0161to je sud ipak dozvolio da se na to pitanje odgovori, svjedok je odbio da odgovori.<\/p>\n<p>Druga po redu saslu\u0161ana je o\u0161te\u0107ena Ferida Ni\u0161i\u0107, sestra nestalog Muje Musi\u0107a, koja je detaljno opisala doga\u0111aje iz maja i juna 1992. godine, uklju\u010duju\u0107i ubistvo njihovog oca i ro\u0111aka, kao i zato\u010denje i zlostavljanje njenog brata.<\/p>\n<p>&#8220;Moj brat Mujo bio je u zloglasnoj Gara\u017ei od 20. maja do 23. juna 1992. Tukli su ga svim i sva\u010dim. \u017divi svjedoci su mi rekli da mi ne mogu ni opisati kakvu je torturu pretrpio\u201c, kazala je.<\/p>\n<p>Navela je da je njen brat bio me\u0111u 48 prozvanih sa spiska i da su im, prema rije\u010dima pre\u017eivjelih, imena bila zaokru\u017eena crvenom olovkom.<\/p>\n<p>Objasnila je da su tog 23. juna 1992. godine, njih 48, odvedeni iz Gara\u017ee u Lukavac, gdje su do\u017eivjeli golgotu. Do Lukavca, koji je udaljen oko 10 do 15 kilometara, vozili su ih 6\u20137 sati, jer su svako malo stajali kako bi ih tukli. &#8220;\u0106ebad su bila postavljena na prozorima autobusa kako ne bi vidjeli kuda ih vode.&#8221;<\/p>\n<p>Svjedokinja je navela i da \u017eeli da prona\u0111e posmrtne ostatke svog brata da ga dostojno sahrani.<\/p>\n<p>Ni\u0161i\u0107 je rekla da su joj pre\u017eivjeli svjedoci potvrdili da je Ga\u0161ovi\u0107 u\u010destvovao u premla\u0107ivanjima njenog brata.<\/p>\n<p>Na pitanje odbrane od kada je njen brat bio u rezervnom sastavu milicije, odgovorila je da to ne zna i da se prije rata bavio limarskim poslovima.<\/p>\n<p>Preostali svjedoci nisu saslu\u0161ani jer je advokat Mi\u0107ovi\u0107 naveo da ima druga, ranije zakazana ro\u010di\u0161ta u 14 i 15 \u010dasova.<\/p>\n<p>Punomo\u0107nik o\u0161te\u0107enih, Dalibor Tomovi\u0107, predlo\u017eio je da se ubudu\u0107e svjedoci saslu\u0161avaju putem video-linka i da se odredi rezervni branilac kako bi se izbjegla odlaganja.<\/p>\n<p>Mi\u0107ovi\u0107 se tome usprotivio i u 14 \u010dasova napustio je sudnicu zbog drugih obaveza. Predsjednik sudskog vije\u0107a ga je potom nov\u010dano kaznio u iznosu od 1.000 eura zbog napu\u0161tanja sudnice bez odobrenja suda.<\/p>\n<p>Specijalna tu\u017eiteljka u ovom predmetu je Tanja \u010colan Dereti\u0107, a sudskim vije\u0107em predsjedava sudija Simo Ra\u0161ovi\u0107, uz \u010dlanove vije\u0107a, sudije Anu Deli\u0107 i Dragana Babovi\u0107a.<\/p>\n<p>Naredno ro\u010di\u0161te glavne rasprave zakazano je za 9. mart.<\/p>\n<blockquote><p>Akcija za ljudska prava obezbje\u0111uje podr\u0161ku o\u0161te\u0107enima u ovom postupku u saradnji sa Udru\u017eenjem za tra\u017eenje zarobljenih i nestalih iz Had\u017ei\u0107a, zahvaljuju\u0107i podr\u0161ci National Endowment for Democracy<\/p><\/blockquote>\n","protected":false},"excerpt":{"rendered":"<p>Prema optu\u017enici, Ga\u0161ovi\u0107 se, izme\u0111u ostalog, tereti i da je od maja do kraja juna 1992. u\u010destvovao u nezakonitom zatvaranju, mu\u010denju i ispitivanju civila u objektima Gara\u017ea i Sportska dvorana u Had\u017ei\u0107ima, kao i u prinudnom preseljenju oko 280 civila u kasarnu \u201eSlavi\u0161a Vajner \u010ci\u010da\u201c u Lukavici<\/p>\n","protected":false},"author":1,"featured_media":284302,"comment_status":"open","ping_status":"closed","sticky":false,"template":"","format":"standard","meta":{"_seopress_robots_primary_cat":"none","_seopress_titles_title":"","_seopress_titles_desc":"","_seopress_robots_index":"","_et_pb_use_builder":"","_et_pb_old_content":"","_et_gb_content_width":"","inline_featured_image":false,"footnotes":""},"categories":[10],"tags":[],"class_list":["post-452560","post","type-post","status-publish","format-standard","has-post-thumbnail","hentry","category-cuj-vidji-javi"],"_links":{"self":[{"href":"https:\/\/www.pcnen.com\/portal\/wp-json\/wp\/v2\/posts\/452560","targetHints":{"allow":["GET"]}}],"collection":[{"href":"https:\/\/www.pcnen.com\/portal\/wp-json\/wp\/v2\/posts"}],"about":[{"href":"https:\/\/www.pcnen.com\/portal\/wp-json\/wp\/v2\/types\/post"}],"author":[{"embeddable":true,"href":"https:\/\/www.pcnen.com\/portal\/wp-json\/wp\/v2\/users\/1"}],"replies":[{"embeddable":true,"href":"https:\/\/www.pcnen.com\/portal\/wp-json\/wp\/v2\/comments?post=452560"}],"version-history":[{"count":1,"href":"https:\/\/www.pcnen.com\/portal\/wp-json\/wp\/v2\/posts\/452560\/revisions"}],"predecessor-version":[{"id":452563,"href":"https:\/\/www.pcnen.com\/portal\/wp-json\/wp\/v2\/posts\/452560\/revisions\/452563"}],"wp:featuredmedia":[{"embeddable":true,"href":"https:\/\/www.pcnen.com\/portal\/wp-json\/wp\/v2\/media\/284302"}],"wp:attachment":[{"href":"https:\/\/www.pcnen.com\/portal\/wp-json\/wp\/v2\/media?parent=452560"}],"wp:term":[{"taxonomy":"category","embeddable":true,"href":"https:\/\/www.pcnen.com\/portal\/wp-json\/wp\/v2\/categories?post=452560"},{"taxonomy":"post_tag","embeddable":true,"href":"https:\/\/www.pcnen.com\/portal\/wp-json\/wp\/v2\/tags?post=452560"}],"curies":[{"name":"wp","href":"https:\/\/api.w.org\/{rel}","templated":true}]}}