{"id":452503,"date":"2026-03-01T10:34:30","date_gmt":"2026-03-01T09:34:30","guid":{"rendered":"https:\/\/www.pcnen.com\/portal\/?p=452503"},"modified":"2026-03-01T10:37:37","modified_gmt":"2026-03-01T09:37:37","slug":"predsjednik-irana-najavio-osvetu","status":"publish","type":"post","link":"https:\/\/www.pcnen.com\/portal\/2026\/03\/01\/predsjednik-irana-najavio-osvetu\/","title":{"rendered":"Predsjednik Irana najavio osvetu"},"content":{"rendered":"<p>Predsjednik Irana Masud Peze\u0161kijan je obe\u0107ao osvetu zbog pogibije vrhovnog vo\u0111e Alija Hamneija, isti\u010du\u0107i da Teheran to smatra svojim zakonitim pravom.<\/p>\n<p>&#8220;Iran smatra svojom du\u017eno\u0161\u0107u i zakonitim pravom da se osveti (po\u010diniocima) za ovaj istorijski zlo\u010din i namjerava da iskoristi sve mogu\u0107nosti radi ispunjenja te velike obaveze&#8221;, navodi se u saop\u0161tenju Peze\u0161kijana koje je objavila njegova pres-slu\u017eba.<\/p>\n<p>On je tako\u0111e izrazio sau\u010de\u0161\u0107e povodom Hamneijeve pogibije, poru\u010div\u0161i da \u0107e &#8220;put ovog velikog \u010dovjeka biti nastavljen&#8221;, prenosi RT Balkan.<\/p>\n<p>Iranski predsjednik Masud Peze\u0161kijan je bezbjedan, saop\u0161teno je iz predsjedni\u010dke palate.<\/p>\n<blockquote class=\"wp-embedded-content\" data-secret=\"6DYzGJ4VSf\"><p><a href=\"https:\/\/www.pcnen.com\/portal\/2026\/03\/01\/zvanicni-teheran-potvrdio-smrt-vjerskog-vodje-ali-hamneia\/\">Zvani\u010dni Teheran potvrdio smrt vjerskog vo\u0111e Ali Hamneia<\/a><\/p><\/blockquote>\n<p><iframe loading=\"lazy\" class=\"wp-embedded-content\" sandbox=\"allow-scripts\" security=\"restricted\" style=\"position: absolute; visibility: hidden;\" title=\"&#8220;Zvani\u010dni Teheran potvrdio smrt vjerskog vo\u0111e Ali Hamneia&#8221; &#8212; PCNEN\" src=\"https:\/\/www.pcnen.com\/portal\/2026\/03\/01\/zvanicni-teheran-potvrdio-smrt-vjerskog-vodje-ali-hamneia\/embed\/#?secret=CKRSG8vSoZ#?secret=6DYzGJ4VSf\" data-secret=\"6DYzGJ4VSf\" width=\"600\" height=\"338\" frameborder=\"0\" marginwidth=\"0\" marginheight=\"0\" scrolling=\"no\"><\/iframe><\/p>\n","protected":false},"excerpt":{"rendered":"<p>Predsjednik Irana Masud Peze\u0161kijan je obe\u0107ao osvetu zbog pogibije vrhovnog vo\u0111e Alija Hamneija, isti\u010du\u0107i da Teheran to smatra svojim zakonitim pravom<\/p>\n","protected":false},"author":1,"featured_media":406490,"comment_status":"open","ping_status":"closed","sticky":false,"template":"","format":"standard","meta":{"_seopress_robots_primary_cat":"none","_seopress_titles_title":"","_seopress_titles_desc":"","_seopress_robots_index":"","_et_pb_use_builder":"","_et_pb_old_content":"","_et_gb_content_width":"","inline_featured_image":false,"footnotes":""},"categories":[14],"tags":[],"class_list":["post-452503","post","type-post","status-publish","format-standard","has-post-thumbnail","hentry","category-vijesti"],"_links":{"self":[{"href":"https:\/\/www.pcnen.com\/portal\/wp-json\/wp\/v2\/posts\/452503","targetHints":{"allow":["GET"]}}],"collection":[{"href":"https:\/\/www.pcnen.com\/portal\/wp-json\/wp\/v2\/posts"}],"about":[{"href":"https:\/\/www.pcnen.com\/portal\/wp-json\/wp\/v2\/types\/post"}],"author":[{"embeddable":true,"href":"https:\/\/www.pcnen.com\/portal\/wp-json\/wp\/v2\/users\/1"}],"replies":[{"embeddable":true,"href":"https:\/\/www.pcnen.com\/portal\/wp-json\/wp\/v2\/comments?post=452503"}],"version-history":[{"count":3,"href":"https:\/\/www.pcnen.com\/portal\/wp-json\/wp\/v2\/posts\/452503\/revisions"}],"predecessor-version":[{"id":452507,"href":"https:\/\/www.pcnen.com\/portal\/wp-json\/wp\/v2\/posts\/452503\/revisions\/452507"}],"wp:featuredmedia":[{"embeddable":true,"href":"https:\/\/www.pcnen.com\/portal\/wp-json\/wp\/v2\/media\/406490"}],"wp:attachment":[{"href":"https:\/\/www.pcnen.com\/portal\/wp-json\/wp\/v2\/media?parent=452503"}],"wp:term":[{"taxonomy":"category","embeddable":true,"href":"https:\/\/www.pcnen.com\/portal\/wp-json\/wp\/v2\/categories?post=452503"},{"taxonomy":"post_tag","embeddable":true,"href":"https:\/\/www.pcnen.com\/portal\/wp-json\/wp\/v2\/tags?post=452503"}],"curies":[{"name":"wp","href":"https:\/\/api.w.org\/{rel}","templated":true}]}}