{"id":452472,"date":"2026-03-01T06:34:06","date_gmt":"2026-03-01T05:34:06","guid":{"rendered":"https:\/\/www.pcnen.com\/portal\/?p=452472"},"modified":"2026-03-01T06:35:59","modified_gmt":"2026-03-01T05:35:59","slug":"zvanicni-teheran-potvrdio-smrt-vjerskog-vodje-ali-hamneia","status":"publish","type":"post","link":"https:\/\/www.pcnen.com\/portal\/2026\/03\/01\/zvanicni-teheran-potvrdio-smrt-vjerskog-vodje-ali-hamneia\/","title":{"rendered":"Zvani\u010dni Teheran potvrdio smrt vjerskog vo\u0111e Ali Hamneia"},"content":{"rendered":"<p>Zvani\u010dni Teheran je potvrdio smrt vjerskog vo\u0111e Ali Hamneia, a du\u017enost vo\u0111stva \u0107e privremeno preuzeti iranski predsjednik Masoud Peze\u0161kian, \u0161ef pravosu\u0111a i jedan pravnik Vije\u0107a \u010duvara.<\/p>\n<p>Iranska vlada je proglasila 40-dnevnu \u017ealost nakon izvje\u0161taja o smrti vjerskog vo\u0111e.<\/p>\n<p>Ameri\u010dki i izraelski izvori su tvrdili da je Hamnei mrtav, a iranska strana je dugo odbijala da to potvrdi.<\/p>\n<p>\u010cetiri ro\u0111aka iranskog vrhovnog vo\u0111e, uklju\u010duju\u0107i njegovu k\u0107erku, unuku i zeta, ubijeni su u ameri\u010dko-izraelskim napadima, izvijestila je iranska novinska agencija Fars.<\/p>\n<p>&nbsp;<\/p>\n","protected":false},"excerpt":{"rendered":"<p>Iranska vlada je proglasila 40-dnevnu \u017ealost nakon izvje\u0161taja o smrti vjerskog vo\u0111e<\/p>\n","protected":false},"author":1,"featured_media":452475,"comment_status":"open","ping_status":"closed","sticky":false,"template":"","format":"standard","meta":{"_seopress_robots_primary_cat":"none","_seopress_titles_title":"","_seopress_titles_desc":"","_seopress_robots_index":"","_et_pb_use_builder":"","_et_pb_old_content":"","_et_gb_content_width":"","inline_featured_image":false,"footnotes":""},"categories":[14],"tags":[],"class_list":["post-452472","post","type-post","status-publish","format-standard","has-post-thumbnail","hentry","category-vijesti"],"_links":{"self":[{"href":"https:\/\/www.pcnen.com\/portal\/wp-json\/wp\/v2\/posts\/452472","targetHints":{"allow":["GET"]}}],"collection":[{"href":"https:\/\/www.pcnen.com\/portal\/wp-json\/wp\/v2\/posts"}],"about":[{"href":"https:\/\/www.pcnen.com\/portal\/wp-json\/wp\/v2\/types\/post"}],"author":[{"embeddable":true,"href":"https:\/\/www.pcnen.com\/portal\/wp-json\/wp\/v2\/users\/1"}],"replies":[{"embeddable":true,"href":"https:\/\/www.pcnen.com\/portal\/wp-json\/wp\/v2\/comments?post=452472"}],"version-history":[{"count":3,"href":"https:\/\/www.pcnen.com\/portal\/wp-json\/wp\/v2\/posts\/452472\/revisions"}],"predecessor-version":[{"id":452478,"href":"https:\/\/www.pcnen.com\/portal\/wp-json\/wp\/v2\/posts\/452472\/revisions\/452478"}],"wp:featuredmedia":[{"embeddable":true,"href":"https:\/\/www.pcnen.com\/portal\/wp-json\/wp\/v2\/media\/452475"}],"wp:attachment":[{"href":"https:\/\/www.pcnen.com\/portal\/wp-json\/wp\/v2\/media?parent=452472"}],"wp:term":[{"taxonomy":"category","embeddable":true,"href":"https:\/\/www.pcnen.com\/portal\/wp-json\/wp\/v2\/categories?post=452472"},{"taxonomy":"post_tag","embeddable":true,"href":"https:\/\/www.pcnen.com\/portal\/wp-json\/wp\/v2\/tags?post=452472"}],"curies":[{"name":"wp","href":"https:\/\/api.w.org\/{rel}","templated":true}]}}