{"id":452468,"date":"2026-03-01T00:47:51","date_gmt":"2026-02-28T23:47:51","guid":{"rendered":"https:\/\/www.pcnen.com\/portal\/?p=452468"},"modified":"2026-03-01T00:47:51","modified_gmt":"2026-02-28T23:47:51","slug":"ajatolah-hamnei-se-obratio-javnosti-video","status":"publish","type":"post","link":"https:\/\/www.pcnen.com\/portal\/2026\/03\/01\/ajatolah-hamnei-se-obratio-javnosti-video\/","title":{"rendered":"Ajatolah Hamnei se obratio javnosti (video)"},"content":{"rendered":"<p>Iranski izvori su uporno tvrdili da vrhovni vjerski vo\u0111a Akli Hamnei nije poginuo, a naknadno je objavljen i video njegovog navodnog dana\u0161njeg obra\u0107anja naciji.<\/p>\n<p>Vrijeme postavljanja i emitovanja potvr\u0111uje da je aktuelan, a ne arhivski.<\/p>\n<blockquote class=\"twitter-tweet\">\n<p dir=\"ltr\" lang=\"und\">Iranski ajatolah Hamnei obratio se iranskoj javnosti.<\/p>\n<p>Ovo je ka\u017ee GROK snimak obra\u0107anja ajatolaha Hamneija iranskoj naciji danas (28. februara 2026.), objavljenog ubrzo nakon izve\u0161taja o ameri\u010dko-izraelskim napadima, u kontekstu iranske odmazde u Operaciji Pravo obe\u0107anje 4.\u2026 <a href=\"https:\/\/t.co\/Mg4sO7Kghh\">pic.twitter.com\/Mg4sO7Kghh<\/a><\/p>\n<p>\u2014 War Chief (@cveks) <a href=\"https:\/\/twitter.com\/cveks\/status\/2027872359923794352?ref_src=twsrc%5Etfw\">February 28, 2026<\/a><\/p><\/blockquote>\n<p><script async src=\"https:\/\/platform.twitter.com\/widgets.js\" charset=\"utf-8\"><\/script><\/p>\n","protected":false},"excerpt":{"rendered":"<p>Iranski izvori su uporno tvrdili da vrhovni vjerski vo\u0111a Akli Hamnei nije poginuo, a naknadno je objavljen i video njegovog navodnog dana\u0161njeg obra\u0107anja naciji<\/p>\n","protected":false},"author":1,"featured_media":196415,"comment_status":"open","ping_status":"closed","sticky":false,"template":"","format":"standard","meta":{"_seopress_robots_primary_cat":"none","_seopress_titles_title":"","_seopress_titles_desc":"","_seopress_robots_index":"","_et_pb_use_builder":"","_et_pb_old_content":"","_et_gb_content_width":"","inline_featured_image":false,"footnotes":""},"categories":[14],"tags":[],"class_list":["post-452468","post","type-post","status-publish","format-standard","has-post-thumbnail","hentry","category-vijesti"],"_links":{"self":[{"href":"https:\/\/www.pcnen.com\/portal\/wp-json\/wp\/v2\/posts\/452468","targetHints":{"allow":["GET"]}}],"collection":[{"href":"https:\/\/www.pcnen.com\/portal\/wp-json\/wp\/v2\/posts"}],"about":[{"href":"https:\/\/www.pcnen.com\/portal\/wp-json\/wp\/v2\/types\/post"}],"author":[{"embeddable":true,"href":"https:\/\/www.pcnen.com\/portal\/wp-json\/wp\/v2\/users\/1"}],"replies":[{"embeddable":true,"href":"https:\/\/www.pcnen.com\/portal\/wp-json\/wp\/v2\/comments?post=452468"}],"version-history":[{"count":1,"href":"https:\/\/www.pcnen.com\/portal\/wp-json\/wp\/v2\/posts\/452468\/revisions"}],"predecessor-version":[{"id":452471,"href":"https:\/\/www.pcnen.com\/portal\/wp-json\/wp\/v2\/posts\/452468\/revisions\/452471"}],"wp:featuredmedia":[{"embeddable":true,"href":"https:\/\/www.pcnen.com\/portal\/wp-json\/wp\/v2\/media\/196415"}],"wp:attachment":[{"href":"https:\/\/www.pcnen.com\/portal\/wp-json\/wp\/v2\/media?parent=452468"}],"wp:term":[{"taxonomy":"category","embeddable":true,"href":"https:\/\/www.pcnen.com\/portal\/wp-json\/wp\/v2\/categories?post=452468"},{"taxonomy":"post_tag","embeddable":true,"href":"https:\/\/www.pcnen.com\/portal\/wp-json\/wp\/v2\/tags?post=452468"}],"curies":[{"name":"wp","href":"https:\/\/api.w.org\/{rel}","templated":true}]}}