{"id":452438,"date":"2026-02-28T21:50:38","date_gmt":"2026-02-28T20:50:38","guid":{"rendered":"https:\/\/www.pcnen.com\/portal\/?p=452438"},"modified":"2026-02-28T21:51:48","modified_gmt":"2026-02-28T20:51:48","slug":"izraelski-ministar-odbrane-navodno-poginuo","status":"publish","type":"post","link":"https:\/\/www.pcnen.com\/portal\/2026\/02\/28\/izraelski-ministar-odbrane-navodno-poginuo\/","title":{"rendered":"Izraelski ministar odbrane navodno poginuo"},"content":{"rendered":"<p>Izraelski ministar odbrane Izrael Kac navodno je ubijen u odbrambenom iranskom napadu na Tel Aviv.<\/p>\n<p>Vijest koja je objavljena na dru\u0161tvenoj mre\u017ei X nije potvr\u0111ena.<\/p>\n<blockquote class=\"twitter-tweet\">\n<p dir=\"ltr\" lang=\"en\">\ud83c\uddee\ud83c\uddf1\ud83c\uddee\ud83c\uddf7 BREAKING: Israeli Defense Minister reportedly killed by Iran.<\/p>\n<p>Not confirmed. But the silence from Tel Aviv is louder than any denial.<\/p>\n<p>If true, this changes everything.<\/p>\n<p>Not a base. Not a radar. Not a drone. A minister. The man in charge of the war.<\/p>\n<p>Iran said retaliation\u2026 <a href=\"https:\/\/t.co\/Tl6xMaD1ZU\">pic.twitter.com\/Tl6xMaD1ZU<\/a><\/p>\n<p>\u2014 New Direction AFRICA (@Its_ereko) <a href=\"https:\/\/twitter.com\/Its_ereko\/status\/2027817817106747439?ref_src=twsrc%5Etfw\">February 28, 2026<\/a><\/p><\/blockquote>\n<p><script async src=\"https:\/\/platform.twitter.com\/widgets.js\" charset=\"utf-8\"><\/script><\/p>\n","protected":false},"excerpt":{"rendered":"<p>Vijest koja je objavljena na dru\u0161tvenoj mre\u017ei X nije potvr\u0111ena<\/p>\n","protected":false},"author":1,"featured_media":416267,"comment_status":"open","ping_status":"closed","sticky":false,"template":"","format":"standard","meta":{"_seopress_robots_primary_cat":"none","_seopress_titles_title":"","_seopress_titles_desc":"","_seopress_robots_index":"","_et_pb_use_builder":"","_et_pb_old_content":"","_et_gb_content_width":"","inline_featured_image":false,"footnotes":""},"categories":[14],"tags":[],"class_list":["post-452438","post","type-post","status-publish","format-standard","has-post-thumbnail","hentry","category-vijesti"],"_links":{"self":[{"href":"https:\/\/www.pcnen.com\/portal\/wp-json\/wp\/v2\/posts\/452438","targetHints":{"allow":["GET"]}}],"collection":[{"href":"https:\/\/www.pcnen.com\/portal\/wp-json\/wp\/v2\/posts"}],"about":[{"href":"https:\/\/www.pcnen.com\/portal\/wp-json\/wp\/v2\/types\/post"}],"author":[{"embeddable":true,"href":"https:\/\/www.pcnen.com\/portal\/wp-json\/wp\/v2\/users\/1"}],"replies":[{"embeddable":true,"href":"https:\/\/www.pcnen.com\/portal\/wp-json\/wp\/v2\/comments?post=452438"}],"version-history":[{"count":2,"href":"https:\/\/www.pcnen.com\/portal\/wp-json\/wp\/v2\/posts\/452438\/revisions"}],"predecessor-version":[{"id":452442,"href":"https:\/\/www.pcnen.com\/portal\/wp-json\/wp\/v2\/posts\/452438\/revisions\/452442"}],"wp:featuredmedia":[{"embeddable":true,"href":"https:\/\/www.pcnen.com\/portal\/wp-json\/wp\/v2\/media\/416267"}],"wp:attachment":[{"href":"https:\/\/www.pcnen.com\/portal\/wp-json\/wp\/v2\/media?parent=452438"}],"wp:term":[{"taxonomy":"category","embeddable":true,"href":"https:\/\/www.pcnen.com\/portal\/wp-json\/wp\/v2\/categories?post=452438"},{"taxonomy":"post_tag","embeddable":true,"href":"https:\/\/www.pcnen.com\/portal\/wp-json\/wp\/v2\/tags?post=452438"}],"curies":[{"name":"wp","href":"https:\/\/api.w.org\/{rel}","templated":true}]}}