{"id":452407,"date":"2026-02-28T19:41:05","date_gmt":"2026-02-28T18:41:05","guid":{"rendered":"https:\/\/www.pcnen.com\/portal\/?p=452407"},"modified":"2026-02-28T19:41:05","modified_gmt":"2026-02-28T18:41:05","slug":"acu-djukanovicu-odredjeno-zadrzavanje-do-72-sata","status":"publish","type":"post","link":"https:\/\/www.pcnen.com\/portal\/2026\/02\/28\/acu-djukanovicu-odredjeno-zadrzavanje-do-72-sata\/","title":{"rendered":"Acu \u0110ukanovi\u0107u odre\u0111eno zadr\u017eavanje do 72 sata"},"content":{"rendered":"<p>Osnovno dr\u017eavno tu\u017eila\u0161tva u Nik\u0161i\u0107u odredilo je zadr\u017eavanje do 72 sata Aleksandru Acu \u0110ukanovi\u0107u (60) zbog osnovane sumnje da je izvr\u0161io krivi\u010dno djelo nedozvoljeno dr\u017eanje i no\u0161enje oru\u017eja i eksplozivnih materija.<\/p>\n<p>\u0110ukanovi\u0107 je uhap\u0161en kasno sino\u0107 nakon pretresa njegovih porodi\u010dnih objekata u Nik\u0161i\u0107u gdje je pona\u0111ena ve\u0107a koli\u010dina oru\u017eja i municije u ilegalnom posjedu.<\/p>\n<p>Aleksandar Aco \u0110ukanovi\u0107 je ro\u0111eni brat biv\u0161eg predsjednika i premijera Crne Gore Mila \u0110ukanovi\u0107a.<\/p>\n<blockquote class=\"wp-embedded-content\" data-secret=\"pBxuhHEcYb\"><p><a href=\"https:\/\/www.pcnen.com\/portal\/2026\/02\/28\/uhapsen-aco-djukanovic\/\">Uhap\u0161en Aco \u0110ukanovi\u0107<\/a><\/p><\/blockquote>\n<p><iframe loading=\"lazy\" class=\"wp-embedded-content\" sandbox=\"allow-scripts\" security=\"restricted\" style=\"position: absolute; visibility: hidden;\" title=\"&#8220;Uhap\u0161en Aco \u0110ukanovi\u0107&#8221; &#8212; PCNEN\" src=\"https:\/\/www.pcnen.com\/portal\/2026\/02\/28\/uhapsen-aco-djukanovic\/embed\/#?secret=WviTSyjQDF#?secret=pBxuhHEcYb\" data-secret=\"pBxuhHEcYb\" width=\"600\" height=\"338\" frameborder=\"0\" marginwidth=\"0\" marginheight=\"0\" scrolling=\"no\"><\/iframe><\/p>\n<p>&nbsp;<\/p>\n","protected":false},"excerpt":{"rendered":"<p>\u0110ukanovi\u0107 je uhap\u0161en kasno sino\u0107 nakon pretresa njegovih porodi\u010dnih objekata u Nik\u0161i\u0107u gdje je pona\u0111ena ve\u0107a koli\u010dina oru\u017eja i municije u ilegalnom posjedu<\/p>\n","protected":false},"author":1,"featured_media":452326,"comment_status":"open","ping_status":"closed","sticky":false,"template":"","format":"standard","meta":{"_seopress_robots_primary_cat":"none","_seopress_titles_title":"","_seopress_titles_desc":"","_seopress_robots_index":"","_et_pb_use_builder":"","_et_pb_old_content":"","_et_gb_content_width":"","inline_featured_image":false,"footnotes":""},"categories":[14],"tags":[],"class_list":["post-452407","post","type-post","status-publish","format-standard","has-post-thumbnail","hentry","category-vijesti"],"_links":{"self":[{"href":"https:\/\/www.pcnen.com\/portal\/wp-json\/wp\/v2\/posts\/452407","targetHints":{"allow":["GET"]}}],"collection":[{"href":"https:\/\/www.pcnen.com\/portal\/wp-json\/wp\/v2\/posts"}],"about":[{"href":"https:\/\/www.pcnen.com\/portal\/wp-json\/wp\/v2\/types\/post"}],"author":[{"embeddable":true,"href":"https:\/\/www.pcnen.com\/portal\/wp-json\/wp\/v2\/users\/1"}],"replies":[{"embeddable":true,"href":"https:\/\/www.pcnen.com\/portal\/wp-json\/wp\/v2\/comments?post=452407"}],"version-history":[{"count":1,"href":"https:\/\/www.pcnen.com\/portal\/wp-json\/wp\/v2\/posts\/452407\/revisions"}],"predecessor-version":[{"id":452410,"href":"https:\/\/www.pcnen.com\/portal\/wp-json\/wp\/v2\/posts\/452407\/revisions\/452410"}],"wp:featuredmedia":[{"embeddable":true,"href":"https:\/\/www.pcnen.com\/portal\/wp-json\/wp\/v2\/media\/452326"}],"wp:attachment":[{"href":"https:\/\/www.pcnen.com\/portal\/wp-json\/wp\/v2\/media?parent=452407"}],"wp:term":[{"taxonomy":"category","embeddable":true,"href":"https:\/\/www.pcnen.com\/portal\/wp-json\/wp\/v2\/categories?post=452407"},{"taxonomy":"post_tag","embeddable":true,"href":"https:\/\/www.pcnen.com\/portal\/wp-json\/wp\/v2\/tags?post=452407"}],"curies":[{"name":"wp","href":"https:\/\/api.w.org\/{rel}","templated":true}]}}