{"id":452396,"date":"2026-02-28T19:15:29","date_gmt":"2026-02-28T18:15:29","guid":{"rendered":"https:\/\/www.pcnen.com\/portal\/?p=452396"},"modified":"2026-02-28T19:20:04","modified_gmt":"2026-02-28T18:20:04","slug":"ministar-ibrahimovic-crna-gora-cvrsto-stoji-uz-svoje-evroatlantske-saveznike","status":"publish","type":"post","link":"https:\/\/www.pcnen.com\/portal\/2026\/02\/28\/ministar-ibrahimovic-crna-gora-cvrsto-stoji-uz-svoje-evroatlantske-saveznike\/","title":{"rendered":"Ministar Ibrahimovi\u0107: Crna Gora \u010dvrsto stoji uz svoje evroatlantske saveznike"},"content":{"rendered":"<p>Ministar vanjskih poslovaa Crne Gore Ervin Ibrahimovi\u0107 je objavio na platformi X da Crna Gora &#8220;s velikom pa\u017enjom pratim eskalaciju situacije na Bliskom istoku&#8221; i da &#8220;\u010dvrsto stoji uz svoje evroatlantske saveznike i podr\u017eava poziciju EU&#8221;.<\/p>\n<p>&#8220;Pozivamo sve strane na uzdr\u017eanost i za\u0161titu civilnih \u017eivota. Na\u0161 prioritet su dr\u017eavljani Crne Gore koji borave u dr\u017eavama koje su izlo\u017eene raketnim napadima&#8221;, napisao je Ibrahimovi\u0107.<\/p>\n<p>U saop\u0161tenju Ministarstva, ovaj resor u crnogorskoj vladi <strong>&#8220;o\u0161tro osu\u0111uje ni\u010dim izazvane napade Irana na susjedne zemlje Perzijskog zaliva, koji dodatno pogor\u0161avaju situaciju i ugro\u017eavaju stabilnost cijelog regiona&#8221;.<\/strong><\/p>\n<blockquote class=\"twitter-tweet\">\n<p dir=\"ltr\" lang=\"und\">S velikom pa\u017enjom pratim eskalaciju situacije na Bliskom istoku.<br \/>\nCrna Gora \u010dvrsto stoji uz svoje evroatlantske saveznike i podr\u017eava poziciju EU. Ministarstvo vanjskih poslova Crne Gore <a href=\"https:\/\/twitter.com\/MFA_MNE?ref_src=twsrc%5Etfw\">@MFA_MNE<\/a> je u kontinuiranom kontaktu sa DKP Crne Gore koja su nadle\u017ena za taj region.\u2026<\/p>\n<p>\u2014 Ervin Ibrahimovic (@ErvinIbrahimov1) <a href=\"https:\/\/twitter.com\/ErvinIbrahimov1\/status\/2027728553781940463?ref_src=twsrc%5Etfw\">February 28, 2026<\/a><\/p><\/blockquote>\n<p><script async src=\"https:\/\/platform.twitter.com\/widgets.js\" charset=\"utf-8\"><\/script><\/p>\n<blockquote class=\"twitter-tweet\">\n<p dir=\"ltr\" lang=\"en\">The Ministry of Foreign Affairs of Montenegro is closely following developments in the Middle East with great concern, given the serious security and humanitarian risks involved.<\/p>\n<p>Montenego supports positions and efforts of our Allies and partners aimed at de-escalating tensions,\u2026 <a href=\"https:\/\/t.co\/bzpG38dPH9\">pic.twitter.com\/bzpG38dPH9<\/a><\/p>\n<p>\u2014 MFA Montenegro (@MFA_MNE) <a href=\"https:\/\/twitter.com\/MFA_MNE\/status\/2027783969912094734?ref_src=twsrc%5Etfw\">February 28, 2026<\/a><\/p><\/blockquote>\n<p><script async src=\"https:\/\/platform.twitter.com\/widgets.js\" charset=\"utf-8\"><\/script><\/p>\n<blockquote class=\"wp-embedded-content\" data-secret=\"YU3jI9uWdy\"><p><a href=\"https:\/\/www.pcnen.com\/portal\/2026\/02\/28\/sad-i-izrael-napali-iran\/\">SAD i Izrael napali Iran<\/a><\/p><\/blockquote>\n<p><iframe loading=\"lazy\" class=\"wp-embedded-content\" sandbox=\"allow-scripts\" security=\"restricted\" style=\"position: absolute; visibility: hidden;\" title=\"&#8220;SAD i Izrael napali Iran&#8221; &#8212; PCNEN\" src=\"https:\/\/www.pcnen.com\/portal\/2026\/02\/28\/sad-i-izrael-napali-iran\/embed\/#?secret=NJF0ge3ZYl#?secret=YU3jI9uWdy\" data-secret=\"YU3jI9uWdy\" width=\"600\" height=\"338\" frameborder=\"0\" marginwidth=\"0\" marginheight=\"0\" scrolling=\"no\"><\/iframe><\/p>\n","protected":false},"excerpt":{"rendered":"<p>Ministarstvo &#8220;o\u0161tro osu\u0111uje ni\u010dim izazvane napade Irana na susjedne zemlje Perzijskog zaliva, koji dodatno pogor\u0161avaju situaciju i ugro\u017eavaju stabilnost cijelog regiona&#8221;<\/p>\n","protected":false},"author":1,"featured_media":334323,"comment_status":"open","ping_status":"closed","sticky":false,"template":"","format":"standard","meta":{"_seopress_robots_primary_cat":"none","_seopress_titles_title":"","_seopress_titles_desc":"","_seopress_robots_index":"","_et_pb_use_builder":"","_et_pb_old_content":"","_et_gb_content_width":"","inline_featured_image":false,"footnotes":""},"categories":[14],"tags":[],"class_list":["post-452396","post","type-post","status-publish","format-standard","has-post-thumbnail","hentry","category-vijesti"],"_links":{"self":[{"href":"https:\/\/www.pcnen.com\/portal\/wp-json\/wp\/v2\/posts\/452396","targetHints":{"allow":["GET"]}}],"collection":[{"href":"https:\/\/www.pcnen.com\/portal\/wp-json\/wp\/v2\/posts"}],"about":[{"href":"https:\/\/www.pcnen.com\/portal\/wp-json\/wp\/v2\/types\/post"}],"author":[{"embeddable":true,"href":"https:\/\/www.pcnen.com\/portal\/wp-json\/wp\/v2\/users\/1"}],"replies":[{"embeddable":true,"href":"https:\/\/www.pcnen.com\/portal\/wp-json\/wp\/v2\/comments?post=452396"}],"version-history":[{"count":4,"href":"https:\/\/www.pcnen.com\/portal\/wp-json\/wp\/v2\/posts\/452396\/revisions"}],"predecessor-version":[{"id":452402,"href":"https:\/\/www.pcnen.com\/portal\/wp-json\/wp\/v2\/posts\/452396\/revisions\/452402"}],"wp:featuredmedia":[{"embeddable":true,"href":"https:\/\/www.pcnen.com\/portal\/wp-json\/wp\/v2\/media\/334323"}],"wp:attachment":[{"href":"https:\/\/www.pcnen.com\/portal\/wp-json\/wp\/v2\/media?parent=452396"}],"wp:term":[{"taxonomy":"category","embeddable":true,"href":"https:\/\/www.pcnen.com\/portal\/wp-json\/wp\/v2\/categories?post=452396"},{"taxonomy":"post_tag","embeddable":true,"href":"https:\/\/www.pcnen.com\/portal\/wp-json\/wp\/v2\/tags?post=452396"}],"curies":[{"name":"wp","href":"https:\/\/api.w.org\/{rel}","templated":true}]}}