{"id":452392,"date":"2026-02-28T17:20:24","date_gmt":"2026-02-28T16:20:24","guid":{"rendered":"https:\/\/www.pcnen.com\/portal\/?p=452392"},"modified":"2026-02-28T17:20:24","modified_gmt":"2026-02-28T16:20:24","slug":"sazvan-hitan-sastanak-savjeta-bezbjednosti-un-veceras-o-iranu","status":"publish","type":"post","link":"https:\/\/www.pcnen.com\/portal\/2026\/02\/28\/sazvan-hitan-sastanak-savjeta-bezbjednosti-un-veceras-o-iranu\/","title":{"rendered":"Sazvan hitan sastanak Savjeta bezbjednosti UN ve\u010deras o Iranu"},"content":{"rendered":"<p>Hitan sastanak Savjeta bezbjednosti UN zakazan je za ve\u010deras u 22.00 po srednjeevropskom vremenu u Njujorku o situaciju na Bliskom istoku poslije izraelskih i ameri\u010dkih napada na Iran i njegove odmazde napadima na Izrael i druge zemlje regiona, saop\u0161tile su UN.<\/p>\n<p>Na sastanku koji \u0107e biti na inicijativu Francuske i Bahreina, bi\u0107e rije\u010di o &#8220;situaciji na Bliskom istoku poslije vojne operacije koju je Va\u0161ington pokrenuo protiv Irana&#8221;, navodi se u saop\u0161tenju Misije Izraela pri UN, prenosi Beta.<\/p>\n<p>Generalni sekretar UN Antonio Gutere\u0161 je osudio i napade SAD i Izraela na Iran, a i odmazdu Islamske Republike napadima na Izrael i druge zemlje u regionu.<\/p>\n<p>&#8220;Upotreba sile od strane Sjedinjenih Dr\u017eava i Izraela protiv Irana i potonja odmazda Irana \u0161irom regiona podrivaju me\u0111unarodni mir i bezbjednost&#8221;, rekao je Gutere\u0161 u saop\u0161tenju. Tako\u0111e je pozvao na hitan prekid vatre i povratak svih strana za pregovara\u010dki sto.<\/p>\n<p>Izrael i Sjedinjene Ameri\u010dke Dr\u017eave rano jutros su napali Iran, a predsjednik SAD Donald Tramp izjavio je da su napadi dio velike operacije s ciljem da se &#8220;iranska raketna industrija sravni sa zemljom&#8221;.<\/p>\n","protected":false},"excerpt":{"rendered":"<p>Hitan sastanak Savjeta bezbjednosti UN zakazan je za ve\u010deras u 22.00 po srednjeevropskom vremenu u Njujorku o situaciju na Bliskom istoku poslije izraelskih i ameri\u010dkih napada na Iran i njegove odmazde napadima na Izrael i druge zemlje regiona, saop\u0161tile su UN. Na sastanku koji \u0107e biti na inicijativu Francuske i Bahreina, bi\u0107e rije\u010di o &#8220;situaciji [&hellip;]<\/p>\n","protected":false},"author":1,"featured_media":389094,"comment_status":"open","ping_status":"closed","sticky":false,"template":"","format":"standard","meta":{"_seopress_robots_primary_cat":"none","_seopress_titles_title":"","_seopress_titles_desc":"","_seopress_robots_index":"","_et_pb_use_builder":"","_et_pb_old_content":"","_et_gb_content_width":"","inline_featured_image":false,"footnotes":""},"categories":[14],"tags":[],"class_list":["post-452392","post","type-post","status-publish","format-standard","has-post-thumbnail","hentry","category-vijesti"],"_links":{"self":[{"href":"https:\/\/www.pcnen.com\/portal\/wp-json\/wp\/v2\/posts\/452392","targetHints":{"allow":["GET"]}}],"collection":[{"href":"https:\/\/www.pcnen.com\/portal\/wp-json\/wp\/v2\/posts"}],"about":[{"href":"https:\/\/www.pcnen.com\/portal\/wp-json\/wp\/v2\/types\/post"}],"author":[{"embeddable":true,"href":"https:\/\/www.pcnen.com\/portal\/wp-json\/wp\/v2\/users\/1"}],"replies":[{"embeddable":true,"href":"https:\/\/www.pcnen.com\/portal\/wp-json\/wp\/v2\/comments?post=452392"}],"version-history":[{"count":1,"href":"https:\/\/www.pcnen.com\/portal\/wp-json\/wp\/v2\/posts\/452392\/revisions"}],"predecessor-version":[{"id":452395,"href":"https:\/\/www.pcnen.com\/portal\/wp-json\/wp\/v2\/posts\/452392\/revisions\/452395"}],"wp:featuredmedia":[{"embeddable":true,"href":"https:\/\/www.pcnen.com\/portal\/wp-json\/wp\/v2\/media\/389094"}],"wp:attachment":[{"href":"https:\/\/www.pcnen.com\/portal\/wp-json\/wp\/v2\/media?parent=452392"}],"wp:term":[{"taxonomy":"category","embeddable":true,"href":"https:\/\/www.pcnen.com\/portal\/wp-json\/wp\/v2\/categories?post=452392"},{"taxonomy":"post_tag","embeddable":true,"href":"https:\/\/www.pcnen.com\/portal\/wp-json\/wp\/v2\/tags?post=452392"}],"curies":[{"name":"wp","href":"https:\/\/api.w.org\/{rel}","templated":true}]}}