{"id":452388,"date":"2026-02-28T14:40:51","date_gmt":"2026-02-28T13:40:51","guid":{"rendered":"https:\/\/www.pcnen.com\/portal\/?p=452388"},"modified":"2026-02-28T14:40:51","modified_gmt":"2026-02-28T13:40:51","slug":"od-ponedjeljka-na-sest-sati-botunjani-obustavljaju-gradnju-kolektora","status":"publish","type":"post","link":"https:\/\/www.pcnen.com\/portal\/2026\/02\/28\/od-ponedjeljka-na-sest-sati-botunjani-obustavljaju-gradnju-kolektora\/","title":{"rendered":"Od ponedjeljka na \u0161est sati Botunjani obustavljaju gradnju kolektora"},"content":{"rendered":"<p>Mje\u0161tani Botuna su najavili od ponedjeljka radikalizaciju protesta i to tako \u0161to \u0107e praviti blokade od \u0161est sati ujutro do 12 sati. Za to vrijeme ne\u0107e dozvoliti da radnici u\u0111u na gradili\u0161te.<\/p>\n<p>Predsjednik Demokratske narodne partije Milan Kne\u017eevi\u0107 ka\u017ee da je njihov cilj da vlast padne, te poru\u010duje da \u0107e biti uz Botunjane do kraja.<\/p>\n<p>Dimitrije Rai\u010dkovi\u0107 je najavio da ne\u0107e dozvoliti gradnju, ne\u0107e radnicima dati da u\u0111u na gradili\u0161te jer su primorani da to u\u010dine.<\/p>\n<p>&#8220;Pozivam sve ljude dobre volje da budu uz nas jer ovo nije borba Botuna, nego borba za po\u0161tovanje dostojanstva i \u010ditave Zete&#8221;, rekao je on.<\/p>\n<p>Mje\u0161tani su kazali da je Skup\u0161tina op\u0161tine Zeta donijela odluku o zabrani gradnje Postojenja za pre\u010di\u0161\u0107avanje otpadnih voda u Botunu, a da tu ni referendumsku odluku dr\u017eavne vlasti ne priznaju.<\/p>\n<p>&#8220;Vrlo je va\u017eno da \u010ditava Crna Gora zna da je ova borba tek po\u010dela, da je ova borba istrpljuju\u0107a, naporna, ali i gra\u0111ani Botuna, gra\u0111ani Zete, kroz pro\u0161lost su se suo\u010davali sa mnogo ve\u0107im protivnicima nego \u0161to je izvr\u0161na vlast u Glavnom gradu i izvr\u0161na vlast na dr\u017eavnom nivou&#8221;, navodi Kne\u017eevi\u0107, prenosi Antena M.<\/p>\n<p>Kako navodi, ako Sa\u0161a Mujevi\u0107, &#8220;dr\u017ei do legitimiteta i do legaliteta, 19. marta \u0107e vidjeti da nema ve\u0107inu<\/p>\n","protected":false},"excerpt":{"rendered":"<p>Mje\u0161tani Botuna su najavili od ponedjeljka radikalizaciju protesta i to tako \u0161to \u0107e praviti blokade od \u0161est sati ujutro do 12 sati. Za to vrijeme ne\u0107e dozvoliti da radnici u\u0111u na gradili\u0161te.<\/p>\n","protected":false},"author":1,"featured_media":441351,"comment_status":"open","ping_status":"closed","sticky":false,"template":"","format":"standard","meta":{"_seopress_robots_primary_cat":"none","_seopress_titles_title":"","_seopress_titles_desc":"","_seopress_robots_index":"","_et_pb_use_builder":"","_et_pb_old_content":"","_et_gb_content_width":"","inline_featured_image":false,"footnotes":""},"categories":[14],"tags":[],"class_list":["post-452388","post","type-post","status-publish","format-standard","has-post-thumbnail","hentry","category-vijesti"],"_links":{"self":[{"href":"https:\/\/www.pcnen.com\/portal\/wp-json\/wp\/v2\/posts\/452388","targetHints":{"allow":["GET"]}}],"collection":[{"href":"https:\/\/www.pcnen.com\/portal\/wp-json\/wp\/v2\/posts"}],"about":[{"href":"https:\/\/www.pcnen.com\/portal\/wp-json\/wp\/v2\/types\/post"}],"author":[{"embeddable":true,"href":"https:\/\/www.pcnen.com\/portal\/wp-json\/wp\/v2\/users\/1"}],"replies":[{"embeddable":true,"href":"https:\/\/www.pcnen.com\/portal\/wp-json\/wp\/v2\/comments?post=452388"}],"version-history":[{"count":1,"href":"https:\/\/www.pcnen.com\/portal\/wp-json\/wp\/v2\/posts\/452388\/revisions"}],"predecessor-version":[{"id":452391,"href":"https:\/\/www.pcnen.com\/portal\/wp-json\/wp\/v2\/posts\/452388\/revisions\/452391"}],"wp:featuredmedia":[{"embeddable":true,"href":"https:\/\/www.pcnen.com\/portal\/wp-json\/wp\/v2\/media\/441351"}],"wp:attachment":[{"href":"https:\/\/www.pcnen.com\/portal\/wp-json\/wp\/v2\/media?parent=452388"}],"wp:term":[{"taxonomy":"category","embeddable":true,"href":"https:\/\/www.pcnen.com\/portal\/wp-json\/wp\/v2\/categories?post=452388"},{"taxonomy":"post_tag","embeddable":true,"href":"https:\/\/www.pcnen.com\/portal\/wp-json\/wp\/v2\/tags?post=452388"}],"curies":[{"name":"wp","href":"https:\/\/api.w.org\/{rel}","templated":true}]}}