{"id":452356,"date":"2026-02-28T11:12:45","date_gmt":"2026-02-28T10:12:45","guid":{"rendered":"https:\/\/www.pcnen.com\/portal\/?p=452356"},"modified":"2026-02-28T11:12:45","modified_gmt":"2026-02-28T10:12:45","slug":"iranski-generalstab-vojna-baza-bilo-koje-zemlje-koja-pruza-pomoc-izraelu-postace-meta-napada","status":"publish","type":"post","link":"https:\/\/www.pcnen.com\/portal\/2026\/02\/28\/iranski-generalstab-vojna-baza-bilo-koje-zemlje-koja-pruza-pomoc-izraelu-postace-meta-napada\/","title":{"rendered":"Iranski General\u0161tab: Vojna baza bilo koje zemlje koja pru\u017ea pomo\u0107 Izraelu posta\u0107e meta napada"},"content":{"rendered":"<p>&#8220;Teheran \u0107e Izraelu i SAD odr\u017eati lekciju &#8216;kakva nikada nije vi\u0111ena u njihovoj istoriji'&#8221;, poru\u010dio je portparol General\u0161taba iranskih oru\u017eanih snaga, prenosi RT Balkan.<\/p>\n<p>U me\u0111uvremenu, Revolucionarna garda sprovodi intenzivan raketni napad na \u010detiri glavne ameri\u010dke baze \u2013 u Kataru, Kuvajtu, Bahreinu i UAE, javlja Fars.<\/p>\n<p>Prema navodima o\u010devidaca, eksplozija je odjeknula i u Dubaiju, gdje se \u010duveni neboder Burd\u017e Kalifa evakui\u0161e.<\/p>\n<p>Al D\u017eazira prijavljuje detonacije i u Rijadu, a sna\u017ena eksplozija potresla je i Abu Dabi, javlja Rojters.<\/p>\n<p>Kako se prenosi dr\u017eavna novinska agencija UAE, jedna osoba je poginula kada su ostaci oborene rakete pali na stambeni objekat u prestonici te zemlje.<\/p>\n<blockquote class=\"wp-embedded-content\" data-secret=\"V7YazrmjsB\"><p><a href=\"https:\/\/www.pcnen.com\/portal\/2026\/02\/28\/iran-uzvratio-raketnim-napadom-na-izrael\/\">Iran uzvratio raketnim napadom na Izrael<\/a><\/p><\/blockquote>\n<p><iframe loading=\"lazy\" class=\"wp-embedded-content\" sandbox=\"allow-scripts\" security=\"restricted\" style=\"position: absolute; visibility: hidden;\" title=\"&#8220;Iran uzvratio raketnim napadom na Izrael&#8221; &#8212; PCNEN\" src=\"https:\/\/www.pcnen.com\/portal\/2026\/02\/28\/iran-uzvratio-raketnim-napadom-na-izrael\/embed\/#?secret=kbEIdnLLl7#?secret=V7YazrmjsB\" data-secret=\"V7YazrmjsB\" width=\"600\" height=\"338\" frameborder=\"0\" marginwidth=\"0\" marginheight=\"0\" scrolling=\"no\"><\/iframe><\/p>\n","protected":false},"excerpt":{"rendered":"<p>&#8220;Teheran \u0107e Izraelu i SAD odr\u017eati lekciju &#8216;kakva nikada nije vi\u0111ena u njihovoj istoriji'&#8221;, poru\u010dio je portparol General\u0161taba iranskih oru\u017eanih snaga, prenosi RT Balkan<\/p>\n","protected":false},"author":1,"featured_media":452359,"comment_status":"open","ping_status":"closed","sticky":false,"template":"","format":"standard","meta":{"_seopress_robots_primary_cat":"none","_seopress_titles_title":"","_seopress_titles_desc":"","_seopress_robots_index":"","_et_pb_use_builder":"","_et_pb_old_content":"","_et_gb_content_width":"","inline_featured_image":false,"footnotes":""},"categories":[14],"tags":[],"class_list":["post-452356","post","type-post","status-publish","format-standard","has-post-thumbnail","hentry","category-vijesti"],"_links":{"self":[{"href":"https:\/\/www.pcnen.com\/portal\/wp-json\/wp\/v2\/posts\/452356","targetHints":{"allow":["GET"]}}],"collection":[{"href":"https:\/\/www.pcnen.com\/portal\/wp-json\/wp\/v2\/posts"}],"about":[{"href":"https:\/\/www.pcnen.com\/portal\/wp-json\/wp\/v2\/types\/post"}],"author":[{"embeddable":true,"href":"https:\/\/www.pcnen.com\/portal\/wp-json\/wp\/v2\/users\/1"}],"replies":[{"embeddable":true,"href":"https:\/\/www.pcnen.com\/portal\/wp-json\/wp\/v2\/comments?post=452356"}],"version-history":[{"count":1,"href":"https:\/\/www.pcnen.com\/portal\/wp-json\/wp\/v2\/posts\/452356\/revisions"}],"predecessor-version":[{"id":452360,"href":"https:\/\/www.pcnen.com\/portal\/wp-json\/wp\/v2\/posts\/452356\/revisions\/452360"}],"wp:featuredmedia":[{"embeddable":true,"href":"https:\/\/www.pcnen.com\/portal\/wp-json\/wp\/v2\/media\/452359"}],"wp:attachment":[{"href":"https:\/\/www.pcnen.com\/portal\/wp-json\/wp\/v2\/media?parent=452356"}],"wp:term":[{"taxonomy":"category","embeddable":true,"href":"https:\/\/www.pcnen.com\/portal\/wp-json\/wp\/v2\/categories?post=452356"},{"taxonomy":"post_tag","embeddable":true,"href":"https:\/\/www.pcnen.com\/portal\/wp-json\/wp\/v2\/tags?post=452356"}],"curies":[{"name":"wp","href":"https:\/\/api.w.org\/{rel}","templated":true}]}}