{"id":452312,"date":"2026-02-28T08:01:46","date_gmt":"2026-02-28T07:01:46","guid":{"rendered":"https:\/\/www.pcnen.com\/portal\/?p=452312"},"modified":"2026-02-28T08:01:46","modified_gmt":"2026-02-28T07:01:46","slug":"ljudi-su-jedini-primati-sa-bradom","status":"publish","type":"post","link":"https:\/\/www.pcnen.com\/portal\/2026\/02\/28\/ljudi-su-jedini-primati-sa-bradom\/","title":{"rendered":"Ljudi su jedini primati sa bradom"},"content":{"rendered":"<p>Ljudi su jedini primati sa bradom, \u0161to je pred biologe i anatome postavilo pitanje za\u0161to smo stekli ovu jedinstvenu karakteristiku. Prema novoj analizi anatomije glave kod majmuna, ona verovatno nije evoluirala iz nekog posebnog razloga, ve\u0107 se pojavila kao sporedni efekat drugih promena izazvanih prirodnom selekcijom.<\/p>\n<p>\u201eU nauci se uglavnom polazilo od pretpostavke da je svaka karakteristika koja se zna\u010dajno razlikuje izme\u0111u vrsta oblikovana prirodnom selekcijom sa odre\u0111enom svrhom, ali ovaj &#8216;svrsishodni&#8217; pogled na evoluciju je neta\u010dan\u201c, isti\u010de Norin fon Kramon-Taubadel sa Univerziteta u Bafalu u dr\u017eavi Njujork. \u201eEvolucija je \u010desto haoti\u010dnija i manje usmerena nego \u0161to ljudi o\u010dekuju ili pretpostavljaju.\u201c<\/p>\n<h3><strong>Razne pretpostavke<\/strong><\/h3>\n<p>Jednostavno re\u010deno, brada je ko\u0161tana izbo\u010dina donje vilice koja se prote\u017ee izvan prednjih zuba. \u010cak ni me\u0111u na\u0161im najbli\u017eim srodnicima, nijedna druga ljudska vrsta nema bradu, pa se to koristi kao klju\u010dna identifikaciona karakteristika Homo sapiensa, ali razlog za\u0161to je ova osobina evoluirala je misterija.<\/p>\n<p>Neki istra\u017eiva\u010di ukazuju da bi slu\u017ei kako bi se smanjilo naprezanje na prednjem delu vilice tokom \u017evakanja ili da podr\u017eava na\u0161u sposobnost formiranja re\u010di. Drugi veruju da je evoluirala kao deo seksualne selekcije, pri \u010demu pojedinci preferiraju partnere sa ovom jedinstvenom crtom lica.<\/p>\n<p>Tre\u0107i pak dovode u pitanje da li brada uop\u0161te ima ikakvu svrhu, sumnjaju\u0107i da je ko\u0161tana izbo\u010dina mo\u017eda evoluirala slu\u010dajno kako su lobanja i vilica prolazile kroz druge evolutivne promene.<\/p>\n<h3><strong>\u0160ta ako je u pitanju slu\u010dajnost<\/strong><\/h3>\n<p>Fon Kramon-Taubadel i njene kolege su se pitale da li uzrok mo\u017eda ne le\u017ei ni u jednoj od ovih teorija, ve\u0107 je rezultat genetskog drifta \u2013 u su\u0161tini, samo o slu\u010dajnoj evolucijskoj \u0161ansi.<\/p>\n<p>Da bi to otkrili, Fon Kramon-Taubadel i njene kolege su istra\u017eili 532 lobanje koje pripadaju ljudima i 14 drugih vrsta i podvrsta modernih majmuna \u2013 uklju\u010duju\u0107i \u0161impanze, bonoboe, gorile, orangutane i gibone \u2013 sme\u0161tene u muzejima.<\/p>\n<p>Istra\u017eiva\u010di su izmerili 46 rastojanja izme\u0111u preciznih anatomskih orijentira preko glave i vilice \u2013 uklju\u010duju\u0107i devet du\u017e regiona koji formira bradu kod ljudi \u2013 i mapirali rezultate na evoluciono stablo.<\/p>\n<p>Zatim su koristili te podatke da procene verovatni oblik glave i vilice poslednjeg zajedni\u010dkog pretka svih majmuna. Zatim su primenili standardni kvantitativni genetski model da bi testirali da li su promene du\u017e svake porodi\u010dne grane bile ve\u0107e ili manje od o\u010dekivanih samo kao posledica slu\u010dajnog pomeranja.<\/p>\n<p>Otkrili su da su tri osobine povezane sa bradom kod ljudi verovatno direktno odabrane \u2013 \u0161to zna\u010di da je ne\u0161to u vezi sa njima bilo dovoljno povoljno da oblikuje njihovu evoluciju. Ali ostalih \u0161est osobina izgleda da nisu bile pogo\u0111ene selekcijom ili su jednostavno nusproizvodi evolucije za druge osobine koje nisu vezane za bradu.<\/p>\n<h3><strong>Uspravan hod, ve\u0107i mozak i ishrana<\/strong><\/h3>\n<p>Kako su na\u0161i preci postajali uspravniji, baza njihovih lobanja se savijala, a lica su im se uvla\u010dila ispod mo\u017edane kutije umesto da su se isturila napred kao kod \u0161impanzi, obja\u0161njava fon Kramon-Taubadel.<\/p>\n<p>U me\u0111uvremenu, ve\u0107i mozgovi i promene u ishrani smanjili su potrebu za velikim prednjim zubima i sna\u017enim mi\u0161i\u0107ima za \u017evakanje, smanjuju\u0107i donji deo lica i vilicu. Vremenom su se kosti gornje vilice povukle, ostavljaju\u0107i donju vilicu da se isturi izvan zuba \u2013 \u0161to je dovelo do prvih brada.<\/p>\n<p>Stoga, \u010dini se da je ova jedinstvena karakteristika nastala kao posledica ljudskog razvoja uspravnog dr\u017eanja, ve\u0107ih glava i manjih zuba, \u0161to isti\u010de kako selekcija za jedan deo tela mo\u017ee imati posledi\u010dni efekat na druge, navodi Fon Kramon-Taubadelova.<\/p>\n<h3><strong>Evolucioni nusproizvod<\/strong><\/h3>\n<p>Za Alesija Venecijana iz Francuskog nacionalnog muzeja prirodnja\u010dke istorije u Parizu, nalazi ukazuju na bradu kao \u201eud\u017ebeni\u010dki primer\u201c neadaptacije \u2013 osobine koja se pojavljuje bez ikakve direktne aktivnosti prirodne selekcije. \u201eUvek mi je fascinantno videti potvrdu va\u017enih evolutivnih trendova koji se javljaju neadaptivno.\u201c<\/p>\n<p>Evolucioni nusproizvodi poput ovog ponekad se nazivaju rasponi \u2013 termin pozajmljen iz arhitekture, koji se odnosi na prostore koji nastaju kao posledica oblika drugih karakteristika kao \u0161to su lukovi. Ljudski pupak i male ruke tiranosaurusa reksa tako\u0111e su ozna\u010deni kao rasponi.<\/p>\n<p>Studija isti\u010de koliko su lobanja i vilica \u010dvrsto integrisane kao jedinstveni sistem \u2013 tako da kada prirodna selekcija podesi jedan deo, druge karakteristike se mogu promeniti zajedno sa njim, \u010dak i ako nisu bile prvobitna meta, ka\u017ee D\u017eejms DiFrisko iz Instituta Frensis Krik u Londonu. \u201eSamo zato \u0161to vidljiva karakteristika poput brade izgleda kao posebna &#8216;stvar&#8217; ne zna\u010di da se ona zapravo razvija kao nezavisna jedinica\u201c, obja\u0161njava DiFrisko. (Izvor:RTS\/<span class=\"red\">NewScientist)<\/span><\/p>\n","protected":false},"excerpt":{"rendered":"<p>Ljudi su jedini primati sa bradom, \u0161to je pred biologe i anatome postavilo pitanje za\u0161to smo stekli ovu jedinstvenu karakteristiku. Prema novoj analizi anatomije glave kod majmuna, ona verovatno nije evoluirala iz nekog posebnog razloga, ve\u0107 se pojavila kao sporedni efekat drugih promena izazvanih prirodnom selekcijom.<\/p>\n","protected":false},"author":1,"featured_media":452315,"comment_status":"open","ping_status":"closed","sticky":false,"template":"","format":"standard","meta":{"_seopress_robots_primary_cat":"none","_seopress_titles_title":"","_seopress_titles_desc":"","_seopress_robots_index":"","_et_pb_use_builder":"","_et_pb_old_content":"","_et_gb_content_width":"","inline_featured_image":false,"footnotes":""},"categories":[8],"tags":[],"class_list":["post-452312","post","type-post","status-publish","format-standard","has-post-thumbnail","hentry","category-svastara"],"_links":{"self":[{"href":"https:\/\/www.pcnen.com\/portal\/wp-json\/wp\/v2\/posts\/452312","targetHints":{"allow":["GET"]}}],"collection":[{"href":"https:\/\/www.pcnen.com\/portal\/wp-json\/wp\/v2\/posts"}],"about":[{"href":"https:\/\/www.pcnen.com\/portal\/wp-json\/wp\/v2\/types\/post"}],"author":[{"embeddable":true,"href":"https:\/\/www.pcnen.com\/portal\/wp-json\/wp\/v2\/users\/1"}],"replies":[{"embeddable":true,"href":"https:\/\/www.pcnen.com\/portal\/wp-json\/wp\/v2\/comments?post=452312"}],"version-history":[{"count":1,"href":"https:\/\/www.pcnen.com\/portal\/wp-json\/wp\/v2\/posts\/452312\/revisions"}],"predecessor-version":[{"id":452316,"href":"https:\/\/www.pcnen.com\/portal\/wp-json\/wp\/v2\/posts\/452312\/revisions\/452316"}],"wp:featuredmedia":[{"embeddable":true,"href":"https:\/\/www.pcnen.com\/portal\/wp-json\/wp\/v2\/media\/452315"}],"wp:attachment":[{"href":"https:\/\/www.pcnen.com\/portal\/wp-json\/wp\/v2\/media?parent=452312"}],"wp:term":[{"taxonomy":"category","embeddable":true,"href":"https:\/\/www.pcnen.com\/portal\/wp-json\/wp\/v2\/categories?post=452312"},{"taxonomy":"post_tag","embeddable":true,"href":"https:\/\/www.pcnen.com\/portal\/wp-json\/wp\/v2\/tags?post=452312"}],"curies":[{"name":"wp","href":"https:\/\/api.w.org\/{rel}","templated":true}]}}