{"id":452291,"date":"2026-02-27T22:20:11","date_gmt":"2026-02-27T21:20:11","guid":{"rendered":"https:\/\/www.pcnen.com\/portal\/?p=452291"},"modified":"2026-02-27T22:23:17","modified_gmt":"2026-02-27T21:23:17","slug":"vijesti-odgodjeno-izjasnjavanje-o-zakonima-o-anb-u-i-unutrasnjim-poslovima","status":"publish","type":"post","link":"https:\/\/www.pcnen.com\/portal\/2026\/02\/27\/vijesti-odgodjeno-izjasnjavanje-o-zakonima-o-anb-u-i-unutrasnjim-poslovima\/","title":{"rendered":"Vijesti: Odgo\u0111eno izja\u0161njavanje o zakonima o ANB-u i unutra\u0161njim poslovima"},"content":{"rendered":"<p>Skup\u0161tina Crne Gore ve\u010deras ne\u0107e glasati o izmjenama zakona o Agenciji za nacionalnu bezbjednost (ANB) i unutra\u0161njim poslovima, saznaju \u201cVijesti\u201d.<\/p>\n<p>Prema nezvani\u010dnim saznanjima redakcije, o tim propisima \u0107e se glasati, ali i raspravljati, na sjednici koja \u0107e biti zakazana za 6. mart.<\/p>\n<p>Nije jasno kako \u0107e poslanici 6. marta raspravljati o tim propisima, s obzirom na to da je rasprava danas zaklju\u010dena.<\/p>\n<p>Prema informacijama lista, u dogovoru da se o ta dva sporna zakona ne glasa ve\u010deras posredovao je \u0161ef delegacije Evropske unije u Crnoj Gori Johan Satler.<\/p>\n<p>Parlament \u0107e ve\u010deras odr\u017eati plenarnu sjednicu, na kojoj \u0107e se glasati o drugim zakonskim rje\u0161enjima.<\/p>\n<p>Izmjenama zakona o ANB-u i unutra\u0161njim poslovima predvi\u0111ena su \u0161ira ovla\u0161\u0107enja za tajnu slu\u017ebu, poja\u010dana za\u0161tita operativaca i tajnih saradnika, obaveza periodi\u010dne bezbjednosne provjere svih policijskih slu\u017ebenika jednom u pet godina&#8230;<\/p>\n<p>Poslanici opozicije danas su na plenumu ometali raspravu o zakonima o ANB-u i unutra\u0161njim poslovima, tvrde\u0107i da su svjedo\u010dili \u201cpravnom, politi\u010dkom i institucionalnom nasilju parlamentarne ve\u0107ine\u201d.<\/p>\n<p>\u017dalili su se da nisu dobili dovoljno vremena da se upoznaju sa materijalom o kom je trebalo da se izjasne.<\/p>\n<p>Oni su bili iza\u0161li do stola predsjedavaju\u0107e Zdenke Popovi\u0107, a potom su rukama lupali i pravili galamu.<\/p>\n<p>Na konferenciji za medije koja je uslijedila nakon \u0161to je rasprava zaklju\u010dena, \u0161ef DPS-a Danijel \u017divkovi\u0107 najavio je da \u0107e ta stranka napustiti skup\u0161tinski Odbor za sveobuhvatnu izbornu reformu, ako se ve\u010deras u parlamentu bude glasalo o predlozima zakona o ANB-u i unutra\u0161njim poslovima.<\/p>\n<p>\u201cVijesti\u201d su pro\u0161le sedmice pisale da je mandat tog odbora, koji je formiran kao privremeno skup\u0161tinsko tijelo, bio je oro\u010den do kraja pro\u0161le godine, ali da mu Skup\u0161tina nije produ\u017eila rok rada, jer je na posljednjem zasjedanju parlamenta pro\u0161le godine \u0161ef najvi\u0161eg zakonodavnog doma prekinuo zasjedanje 31. decembra zbog de\u0161avanja u Botunu (protesta mje\u0161tana Zete zbog izgradnje postrojenja za pre\u010di\u0161\u0107avanje otpadnih voda).<\/p>\n<blockquote class=\"wp-embedded-content\" data-secret=\"KOTF18cwbw\"><p><a href=\"https:\/\/www.pcnen.com\/portal\/2026\/02\/27\/sjednica-prekinuta-nikolic-iskjucio-mikrofon-ministru-bozovicu\/\">Sjednica prekinuta, Nikoli\u0107 iskju\u010dio mikrofon ministru Bo\u017eovi\u0107u<\/a><\/p><\/blockquote>\n<p><iframe loading=\"lazy\" class=\"wp-embedded-content\" sandbox=\"allow-scripts\" security=\"restricted\" style=\"position: absolute; visibility: hidden;\" title=\"&#8220;Sjednica prekinuta, Nikoli\u0107 iskju\u010dio mikrofon ministru Bo\u017eovi\u0107u&#8221; &#8212; PCNEN\" src=\"https:\/\/www.pcnen.com\/portal\/2026\/02\/27\/sjednica-prekinuta-nikolic-iskjucio-mikrofon-ministru-bozovicu\/embed\/#?secret=vRsdaidRak#?secret=KOTF18cwbw\" data-secret=\"KOTF18cwbw\" width=\"600\" height=\"338\" frameborder=\"0\" marginwidth=\"0\" marginheight=\"0\" scrolling=\"no\"><\/iframe><\/p>\n","protected":false},"excerpt":{"rendered":"<p>Skup\u0161tina Crne Gore ve\u010deras ne\u0107e glasati o izmjenama zakona o Agenciji za nacionalnu bezbjednost (ANB) i unutra\u0161njim poslovima, saznaju \u201cVijesti\u201d.<\/p>\n","protected":false},"author":1,"featured_media":356466,"comment_status":"open","ping_status":"closed","sticky":false,"template":"","format":"standard","meta":{"_seopress_robots_primary_cat":"none","_seopress_titles_title":"","_seopress_titles_desc":"","_seopress_robots_index":"","_et_pb_use_builder":"","_et_pb_old_content":"","_et_gb_content_width":"","inline_featured_image":false,"footnotes":""},"categories":[14],"tags":[],"class_list":["post-452291","post","type-post","status-publish","format-standard","has-post-thumbnail","hentry","category-vijesti"],"_links":{"self":[{"href":"https:\/\/www.pcnen.com\/portal\/wp-json\/wp\/v2\/posts\/452291","targetHints":{"allow":["GET"]}}],"collection":[{"href":"https:\/\/www.pcnen.com\/portal\/wp-json\/wp\/v2\/posts"}],"about":[{"href":"https:\/\/www.pcnen.com\/portal\/wp-json\/wp\/v2\/types\/post"}],"author":[{"embeddable":true,"href":"https:\/\/www.pcnen.com\/portal\/wp-json\/wp\/v2\/users\/1"}],"replies":[{"embeddable":true,"href":"https:\/\/www.pcnen.com\/portal\/wp-json\/wp\/v2\/comments?post=452291"}],"version-history":[{"count":1,"href":"https:\/\/www.pcnen.com\/portal\/wp-json\/wp\/v2\/posts\/452291\/revisions"}],"predecessor-version":[{"id":452294,"href":"https:\/\/www.pcnen.com\/portal\/wp-json\/wp\/v2\/posts\/452291\/revisions\/452294"}],"wp:featuredmedia":[{"embeddable":true,"href":"https:\/\/www.pcnen.com\/portal\/wp-json\/wp\/v2\/media\/356466"}],"wp:attachment":[{"href":"https:\/\/www.pcnen.com\/portal\/wp-json\/wp\/v2\/media?parent=452291"}],"wp:term":[{"taxonomy":"category","embeddable":true,"href":"https:\/\/www.pcnen.com\/portal\/wp-json\/wp\/v2\/categories?post=452291"},{"taxonomy":"post_tag","embeddable":true,"href":"https:\/\/www.pcnen.com\/portal\/wp-json\/wp\/v2\/tags?post=452291"}],"curies":[{"name":"wp","href":"https:\/\/api.w.org\/{rel}","templated":true}]}}