{"id":452212,"date":"2026-02-26T22:25:00","date_gmt":"2026-02-26T21:25:00","guid":{"rendered":"https:\/\/www.pcnen.com\/portal\/?p=452212"},"modified":"2026-02-26T22:25:00","modified_gmt":"2026-02-26T21:25:00","slug":"poznata-imena-crnogorskih-drzavljana-uhapsenih-u-italiji","status":"publish","type":"post","link":"https:\/\/www.pcnen.com\/portal\/2026\/02\/26\/poznata-imena-crnogorskih-drzavljana-uhapsenih-u-italiji\/","title":{"rendered":"Poznata imena crnogorskih dr\u017eavljana uhap\u0161enih u Italiji"},"content":{"rendered":"<p>Crnogorski dr\u017eavljani \u017deljko Martinovi\u0107, \u0110or\u0111e Martinovi\u0107 i Tamara Martinovi\u0107 uhap\u0161eni su u velikoj akciji policije na Azurnoj obali u Francuskoj, saznaju podgori\u010dke Vijesti.<\/p>\n<p>Troje Martinovi\u0107a, koji osim crnogorkog imaju i paso\u0161e jo\u0161 nekoliko zemalja, uhap\u0161eni su 23. februara u velikoj operaciji me\u0111unarodnih policija kojima su kordinirali Europol i Eurojust.<\/p>\n<p>U <a href=\"https:\/\/www.europol.europa.eu\/media-press\/newsroom\/news\/follow-money-cocaine-trafficking-network-exposed-through-its-financial-trail\" target=\"_blank\" rel=\"noopener\">saop\u0161tenju Europola<\/a> se navodi da je uhap\u0161eno sedam osumnji\u010denika (\u010detiri u Francuskoj, tri u Italiji), &#8220;uklju\u010duju\u0107i crnogorskog visokovrijednog cilja&#8221;.<\/p>\n<p>Europol je naveo da je financijska istraga pokazala da je mre\u017ea za pranje novca direktno povezana s krijum\u010darenjem velikih koli\u010dina kokaina iz Ju\u017ene Amerike u Evropu.<\/p>\n<p>Grupa se sumnji\u010di da koordinira pomorske po\u0161iljke zna\u010dajnih koli\u010dina kokaina u glavne europske luke. Velika zapljena belgijske carine krajem 2025. bila je povezana s crnogorskim osumnji\u010denikom i predstavljala je klju\u010dni proboj u istrazi.<\/p>\n<p>Istra\u017eitelji su otkrili visoko strukturiranu organizaciju. Mre\u017ea se oslanjala na velike financijske kapacitete, kriptoimovinu, nedjeljna prekograni\u010dna putovanja luksuznim vozilima s naprednim skrivenim pretincima te mre\u017eu kompanija koja se protezala kroz vi\u0161e jurisdikcija.<\/p>\n<blockquote class=\"wp-embedded-content\" data-secret=\"CGBqu2MLv7\"><p><a href=\"https:\/\/www.pcnen.com\/portal\/2026\/02\/26\/crnogorac-trazen-sirom-evrope-uhapsen-u-kanu\/\">Crnogorac, tra\u017een \u0161irom Evrope, uhap\u0161en u Kanu<\/a><\/p><\/blockquote>\n<p><iframe loading=\"lazy\" class=\"wp-embedded-content\" sandbox=\"allow-scripts\" security=\"restricted\" style=\"position: absolute; visibility: hidden;\" title=\"&#8220;Crnogorac, tra\u017een \u0161irom Evrope, uhap\u0161en u Kanu&#8221; &#8212; PCNEN\" src=\"https:\/\/www.pcnen.com\/portal\/2026\/02\/26\/crnogorac-trazen-sirom-evrope-uhapsen-u-kanu\/embed\/#?secret=AbM4gOy1Jh#?secret=CGBqu2MLv7\" data-secret=\"CGBqu2MLv7\" width=\"600\" height=\"338\" frameborder=\"0\" marginwidth=\"0\" marginheight=\"0\" scrolling=\"no\"><\/iframe><\/p>\n<p>&nbsp;<\/p>\n","protected":false},"excerpt":{"rendered":"<p>Crnogorski dr\u017eavljani \u017deljko Martinovi\u0107, \u0110or\u0111e Martinovi\u0107 i Tamara Martinovi\u0107 uhap\u0161eni su u velikoj akciji policije na Azurnoj obali u Francuskoj, saznaju podgori\u010dke Vijesti<\/p>\n","protected":false},"author":1,"featured_media":277519,"comment_status":"open","ping_status":"closed","sticky":false,"template":"","format":"standard","meta":{"_seopress_robots_primary_cat":"none","_seopress_titles_title":"","_seopress_titles_desc":"","_seopress_robots_index":"","_et_pb_use_builder":"","_et_pb_old_content":"","_et_gb_content_width":"","inline_featured_image":false,"footnotes":""},"categories":[14],"tags":[],"class_list":["post-452212","post","type-post","status-publish","format-standard","has-post-thumbnail","hentry","category-vijesti"],"_links":{"self":[{"href":"https:\/\/www.pcnen.com\/portal\/wp-json\/wp\/v2\/posts\/452212","targetHints":{"allow":["GET"]}}],"collection":[{"href":"https:\/\/www.pcnen.com\/portal\/wp-json\/wp\/v2\/posts"}],"about":[{"href":"https:\/\/www.pcnen.com\/portal\/wp-json\/wp\/v2\/types\/post"}],"author":[{"embeddable":true,"href":"https:\/\/www.pcnen.com\/portal\/wp-json\/wp\/v2\/users\/1"}],"replies":[{"embeddable":true,"href":"https:\/\/www.pcnen.com\/portal\/wp-json\/wp\/v2\/comments?post=452212"}],"version-history":[{"count":1,"href":"https:\/\/www.pcnen.com\/portal\/wp-json\/wp\/v2\/posts\/452212\/revisions"}],"predecessor-version":[{"id":452215,"href":"https:\/\/www.pcnen.com\/portal\/wp-json\/wp\/v2\/posts\/452212\/revisions\/452215"}],"wp:featuredmedia":[{"embeddable":true,"href":"https:\/\/www.pcnen.com\/portal\/wp-json\/wp\/v2\/media\/277519"}],"wp:attachment":[{"href":"https:\/\/www.pcnen.com\/portal\/wp-json\/wp\/v2\/media?parent=452212"}],"wp:term":[{"taxonomy":"category","embeddable":true,"href":"https:\/\/www.pcnen.com\/portal\/wp-json\/wp\/v2\/categories?post=452212"},{"taxonomy":"post_tag","embeddable":true,"href":"https:\/\/www.pcnen.com\/portal\/wp-json\/wp\/v2\/tags?post=452212"}],"curies":[{"name":"wp","href":"https:\/\/api.w.org\/{rel}","templated":true}]}}