{"id":452200,"date":"2026-02-26T16:55:08","date_gmt":"2026-02-26T15:55:08","guid":{"rendered":"https:\/\/www.pcnen.com\/portal\/?p=452200"},"modified":"2026-02-26T16:55:08","modified_gmt":"2026-02-26T15:55:08","slug":"zabrinjavajuca-presuda-u-slucaju-napada-na-novinare-u-gornjem-zaostru","status":"publish","type":"post","link":"https:\/\/www.pcnen.com\/portal\/2026\/02\/26\/zabrinjavajuca-presuda-u-slucaju-napada-na-novinare-u-gornjem-zaostru\/","title":{"rendered":"Zabrinjavaju\u0107a presuda u slu\u010daju napada na novinare u Gornjem Zaostru"},"content":{"rendered":"<p>Centar za gra\u0111ansko obrazovanje (CGO) je zate\u010den presudom Vi\u0161eg suda za prekr\u0161aje u Bijelom Polju u slu\u010daju napada na fotoreportera <em>Vijesti<\/em>, Borisa Pejovi\u0107a, fotoreportera <em>Pobjede<\/em> Steva Vasiljevi\u0107a, kao i novinara <em>Vijesti <\/em>Bal\u0161u Rudovi\u0107a, koji su izvje\u0161tavali o nezakonitom postavljanju spomenika ratnom zlo\u010dincu Pavlu \u0110uri\u0161i\u0107u, u Gornjem Zaostru kod Berana. Sud je sve okrivljene za napad na novinare i fotoreportere oslobodio.<\/p>\n<p>CGO podsje\u0107a da napadi na medijske radnike nijesu incidenti bez \u0161ireg zna\u010denja, ve\u0107 direktan udar na pravo javnosti da bude informisana i na elementarne demokratske standarde. Posebno brine kada se takvi napadi de\u0161avaju u kontekstu poja\u010danih tenzija i doga\u0111aja koji generi\u0161u javnu pa\u017enju. Upravo je prisustvo novinara i fotoreportera u takvim prilikama klju\u010dno za dokumentovanje \u010dinjenica i sprje\u010davanje manipulacija.<\/p>\n<p>Napadi koji ostaju bez adekvatnog sudskog epiloga nose dodatni rizik od zastra\u0161ivanja. Time se medijskim radnicima fakti\u010dki name\u0107e granica \u0161ta se smije, a \u0161to ne smije snimiti i objaviti, i to mimo kriterijuma javnog interesa, \u0161to neminovno djeluje demotivi\u0161u\u0107e na njihov rad.<\/p>\n<p>Kada dru\u0161tvo ne dobije jasnu poruku da je napad na novinara nedopustiv i sankcionisan, pove\u0107ava se osje\u0107aj nesigurnosti u profesiji, a raste i rizik od autocenzure. To je posebno opasno u maljim medijskim zajednicama, gdje se posljedice pritisaka osje\u0107aju br\u017ee i dublje. Dugoro\u010dno, takva praksa smanjuje spremnost za izvje\u0161tavanje o osjetljivim temama, slabi istra\u017eiva\u010dko novinarstvo i uskra\u0107uje javnost za provjerene informacije.<\/p>\n<p>CGO ukazuje da mediji u Crnoj Gori ve\u0107 rade u slo\u017eenom i zahtjevnom okru\u017eenju, optere\u0107enom bezbjednosnim rizicima, politi\u010dkim i ekonomskim pritiscima, kao i strukturnom ranjivo\u0161\u0107u profesije. U takvom ambijentu, svaki slu\u010daj nasilja prema medijskim radnicima, a naro\u010dito institucionalni ishodi koji mo\u017ee biti shva\u0107eni kao nedovoljno odvra\u0107aju\u0107i, samo pogor\u0161avaju ukupnu klimu i \u0161alje lo\u0161u poruku i medijskoj zajednici i javnosti.<\/p>\n<p>Evropska unija u izvje\u0161tajima svojih institucija o Crnoj Gori kontinuirano nagla\u0161ava potrebu dosljedne primjene standarda u oblasti slobode izra\u017eavanja, pri \u010demu bezbjednost novinara ostaje jedan od klju\u010dnih pokazatelja stvarnog napretka u vladavini prava. U suprotnom, stvaraju se uslovi u kojima nasilje postaje prihva\u0107ena taktika pritiska, a profesionalno izvje\u0161tavanje se tretira kao provokacija, umjesto kao ostvarivanje javnog interesa.<\/p>\n<p>CGO poziva nadle\u017ene institucije da afirmi\u0161u politiku nulte tolerancije prema nasilju nad medijima kroz dodatno osna\u017eivanje sistem za\u0161tite medijskih radnika, efikasnije i pravovremeno postupanje po prijavama, unapre\u0111enje procjene rizika i dosljednu primjenu standarda koji garantuju bezbjedan rad medija.<\/p>\n<p>CGO \u0107e nastaviti da prati slu\u010dajeve napada i pritisaka na medijske radnike, kao i institucionalno postupanje u tim predmetima, insistiraju\u0107i da se bezbjedan i dostojanstven rad medija prepozna i tretira kao prioritet od javnog interesa.<\/p>\n<p>Nikola Obradovi\u0107, saradnik na programima<\/p>\n<p>Centar za gra\u0111ansko obrazovanje (CGO)<\/p>\n","protected":false},"excerpt":{"rendered":"<p>Centar za gra\u0111ansko obrazovanje (CGO) je zate\u010den presudom Vi\u0161eg suda za prekr\u0161aje u Bijelom Polju u slu\u010daju napada na fotoreportera Vijesti, Borisa Pejovi\u0107a, fotoreportera Pobjede Steva Vasiljevi\u0107a, kao i novinara Vijesti Bal\u0161u Rudovi\u0107a, koji su izvje\u0161tavali o nezakonitom postavljanju spomenika ratnom zlo\u010dincu Pavlu \u0110uri\u0161i\u0107u, u Gornjem Zaostru kod Berana.<\/p>\n","protected":false},"author":1,"featured_media":368906,"comment_status":"open","ping_status":"closed","sticky":false,"template":"","format":"standard","meta":{"_seopress_robots_primary_cat":"none","_seopress_titles_title":"","_seopress_titles_desc":"","_seopress_robots_index":"","_et_pb_use_builder":"","_et_pb_old_content":"","_et_gb_content_width":"","inline_featured_image":false,"footnotes":""},"categories":[3],"tags":[],"class_list":["post-452200","post","type-post","status-publish","format-standard","has-post-thumbnail","hentry","category-analize-i-misljenja"],"_links":{"self":[{"href":"https:\/\/www.pcnen.com\/portal\/wp-json\/wp\/v2\/posts\/452200","targetHints":{"allow":["GET"]}}],"collection":[{"href":"https:\/\/www.pcnen.com\/portal\/wp-json\/wp\/v2\/posts"}],"about":[{"href":"https:\/\/www.pcnen.com\/portal\/wp-json\/wp\/v2\/types\/post"}],"author":[{"embeddable":true,"href":"https:\/\/www.pcnen.com\/portal\/wp-json\/wp\/v2\/users\/1"}],"replies":[{"embeddable":true,"href":"https:\/\/www.pcnen.com\/portal\/wp-json\/wp\/v2\/comments?post=452200"}],"version-history":[{"count":1,"href":"https:\/\/www.pcnen.com\/portal\/wp-json\/wp\/v2\/posts\/452200\/revisions"}],"predecessor-version":[{"id":452203,"href":"https:\/\/www.pcnen.com\/portal\/wp-json\/wp\/v2\/posts\/452200\/revisions\/452203"}],"wp:featuredmedia":[{"embeddable":true,"href":"https:\/\/www.pcnen.com\/portal\/wp-json\/wp\/v2\/media\/368906"}],"wp:attachment":[{"href":"https:\/\/www.pcnen.com\/portal\/wp-json\/wp\/v2\/media?parent=452200"}],"wp:term":[{"taxonomy":"category","embeddable":true,"href":"https:\/\/www.pcnen.com\/portal\/wp-json\/wp\/v2\/categories?post=452200"},{"taxonomy":"post_tag","embeddable":true,"href":"https:\/\/www.pcnen.com\/portal\/wp-json\/wp\/v2\/tags?post=452200"}],"curies":[{"name":"wp","href":"https:\/\/api.w.org\/{rel}","templated":true}]}}