{"id":452078,"date":"2026-02-25T07:03:52","date_gmt":"2026-02-25T06:03:52","guid":{"rendered":"https:\/\/www.pcnen.com\/portal\/?p=452078"},"modified":"2026-02-25T07:03:52","modified_gmt":"2026-02-25T06:03:52","slug":"nije-moja-hrvatska","status":"publish","type":"post","link":"https:\/\/www.pcnen.com\/portal\/2026\/02\/25\/nije-moja-hrvatska\/","title":{"rendered":"(Nije) moja Hrvatska"},"content":{"rendered":"<blockquote><p><strong>Pi\u0161e: Tomislav Jaki\u0107<\/strong><\/p><\/blockquote>\n<p>Koliko nam je poznato, dokument \u0161to \u0107emo ga navesti, u Hrvatskoj ne postoji. Jo\u0161. Naglasak je na rije\u010di \u201ejo\u0161\u201c.<\/p>\n<p>Evo, dakle, citata.<\/p>\n<blockquote><p><em>Zabranjeno je u javnosti isticanje, odnosno bilo kakva upotreba, u bilo kojem kontekstu, simbola komunizma, socijalizma ili Jugoslavije. To se osobito odnosi na crvenu zvijezdu petokraku.<\/em><\/p>\n<p><em>Zabranjeno je formiranje organizacija, udruga ili politi\u010dkih stranaka na osnovi ideja komunizma, socijalizma, jugoslavenstva i tzv. antifa\u0161izma, \u0161to uklju\u010duje i udruge veterana iz Drugog svjetskog rata, osim onih \u0161to okupljaju nekada\u0161nje pripadnike Hrvatske vojske.<\/em><\/p>\n<p><em>Termin Hrvatska vojska koristi se isklju\u010divo za pripadnike Domobranstva i Usta\u0161ke vojnice, odnosno HOS-a za vrijeme trajanje NDH, i za pripadnike HOS-a (strana\u010dke vojske Hrvatske stanke prava), Zbora narodne garde, odnosno Hrvatske vojske u Republici Hrvatskoj.<\/em><\/p>\n<p><em>Zabranjuje se upotreba u bilo kojem obliku slogana\/parole \u201eSmrt fa\u0161izmu &#8211; sloboda narodu\u201c, uz iznimku obilje\u017eavanja blagdana Dana antifa\u0161isti\u010dke borbe i to samo na prostoru \u0161to je za to odre\u0111en i samo dok traje prigodni program. Tu se, ali striktno, koristi sustav dvostruke konotacije, \u0161to se primjenjuje u slu\u010daju starog hrvatskog pozdrava \u201eZa dom \u2013 spremni\u201c kojega pripadnici lijeve sekte, ekstremni ljevi\u010dari, osobito oni u Zagrebu, uporno ve\u017eu uz re\u017eim NDH.<\/em><\/p>\n<p><em>Zabranjeno je i samo i spominjanje SFR Jugoslavije, osim kao zemlje u kojoj je Hrvatska neizmjerno patila u vrijeme jugo-komunisti\u010dke vladavine, mada je stolje\u0107ima te\u017eila vlastitoj dr\u017eavi.<\/em><\/p>\n<p><em>Osobito se zabranjuje svako spominjanje ZAVNOH-a kao temeljnoga kamena hrvatske dr\u017eavnosti; Republika je Hrvatska nastala u Domovinskom ratu i samo je taj rat njezin temelj.<\/em><\/p>\n<p><em>Tzv. antifa\u0161isti\u010dke borce iz Drugog svjetskog rata treba tretirati dijelom kao fanati\u010dne komuniste, a dijelom kao zavedene ljude koji su pristali di\u0107i ruku na hrvatsku dr\u017eavu, dakle pobunjenike i veleizdajnike. I jedni i drugi krivi su, me\u0111utim, za bezbrojne zlo\u010dine po\u010dinjene u vrijeme rata.<\/em><\/p>\n<p><em>Po\u0161to su komunisti i njihovi sljedbenici krivi za jo\u0161 uvijek neutvr\u0111eni broj \u017ertava hrvatskog naroda od 1945. pa sve dok je trajala Jugoslavija, treba dovr\u0161iti u Domovinskom ratu zapo\u010deti posao uklanjanja, odnosno demoliranja spomenika i spomen obilje\u017eja komunisti\u010dkim zlo\u010dincima, kao i promjenu imena ulica i trgova koji jo\u0161 uvijek nose njihova imena i time izazivaju uznemirenost gra\u0111ana.<\/em><\/p>\n<p><em>Strogo se zabranjuje u bilo kojem kontekstu i samo spominjanje imena Josipa Broza Tita, osim kada se o njemu govori kao o najve\u0107em krvniku hrvatskog naroda kao i o jednome od 10 mega ubojica 20. stolje\u0107a. Jednako tako zabranjuje se organiziranje bilo kakvih komemorativnih skupova, poput onoga u Kumrovcu, gdje treba ukloniti kip tzv. mar\u0161ala, a njegovu rodnu ku\u0107u (ako se uop\u0107e tamo rodio) uklopiti, s promijenjenim sadr\u017eajem, u \u201eetno selo\u201c.<\/em><\/p>\n<p><em>NDH je, zahvaljuju\u0107i me\u0111unarodnim okolnostima, bio neuspjeli poku\u0161aj stvaranja hrvatske dr\u017eave, ali onima koji su je stvarali mora se priznati visok stupanj domoljublja i dr\u017eavotvornosti, mada se nisu uvijek na pravi na\u010din znali nositi s izazovima trenutka. To treba uvijek imati na umu kada se koristi formula o osudi svih totalitarnih re\u017eima. Uvijek na prvom mjestu mora biti bespogovorna osuda komunizma.<\/em><\/p>\n<p><em>Treba provesti hitnu i temeljitu reviziju kompletnog obrazovnog sustava kako bi se iz njega uklonili oni koji bilo zbog nacije, bilo zbog vjere, ili zato \u0161to su ostali trajni zarobljenici komunisti\u010dkog narativa, ne smiju vi\u0161e odgajati na\u0161e mlade nara\u0161taje. Posebnu pozornost valja pokloniti suzbijanju komunisti\u010dkog narativa prema kojemu je postojala bitna razlika izme\u0111u SSSR-a i zemalja tzv. isto\u010dne Evrope s jedne strane, i Jugoslavije s druge. Takva razlika nije postojala. Komunizam, kako god se zvao i gdje god da se pojavljuje, bio je i uvijek ostaje samo to &#8211; komunizam.<\/em><\/p>\n<p><em>Posebnu pozornost valja pokloniti medijima. U njima nema mjesta za pripadnike radikalne ljevice, potomke komunista, ili jugo-oficira (i njihovih potomaka), kao ni za bilo koga drugoga osim domoljubnih Hrvata, odnosno onih pripadnika nacionalnih manjina koji su pokazali \u017eelju i sposobnost asimiliranja s ve\u0107inskim narodom.<\/em><\/p>\n<p><em>U skladu s visokim dostignutim stupnjem demokracije, svaki gra\u0111anin u svojem stanu ili ku\u0107i u\u017eiva punu slobodu govora, \u0161to zna\u010di, naravno, da ima pravo slobodno razmi\u0161ljati i govoriti. U javnosti, me\u0111utim, vrijedi ono \u0161to je utvr\u0111eno ovim dokumentom.<\/em><\/p><\/blockquote>\n<p>Zavr\u0161en citat.<\/p>\n<p>Takav dokument jo\u0161 ne postoji. Naglasak je na rije\u010di \u201ejo\u0161\u201c. A da li je uop\u0107e mogu\u0107? O, da &#8211; itekako. Pitanje je samo koliko \u0107e biti onih koji \u0107e, kada nas takav ili sli\u010dan dokument \u201eiznenadi\u201c, mo\u0107i s punim uvjerenjem re\u0107i: moja Hrvatska?<\/p>\n<p>Da, zaista, koliko?<\/p>\n<p><a href=\"https:\/\/forum.tm\/vijesti\/nije-moja-hrvatska-8312\" target=\"_blank\" rel=\"noopener\">forum.tm<\/a><\/p>\n","protected":false},"excerpt":{"rendered":"<p>Koliko nam je poznato, dokument \u0161to \u0107emo ga navesti, u Hrvatskoj ne postoji. Jo\u0161. Naglasak je na rije\u010di \u201ejo\u0161\u201c<\/p>\n","protected":false},"author":1,"featured_media":442029,"comment_status":"open","ping_status":"closed","sticky":false,"template":"","format":"standard","meta":{"_seopress_robots_primary_cat":"none","_seopress_titles_title":"","_seopress_titles_desc":"","_seopress_robots_index":"","_et_pb_use_builder":"","_et_pb_old_content":"","_et_gb_content_width":"","inline_featured_image":false,"footnotes":""},"categories":[5],"tags":[],"class_list":["post-452078","post","type-post","status-publish","format-standard","has-post-thumbnail","hentry","category-drugi-pisu"],"_links":{"self":[{"href":"https:\/\/www.pcnen.com\/portal\/wp-json\/wp\/v2\/posts\/452078","targetHints":{"allow":["GET"]}}],"collection":[{"href":"https:\/\/www.pcnen.com\/portal\/wp-json\/wp\/v2\/posts"}],"about":[{"href":"https:\/\/www.pcnen.com\/portal\/wp-json\/wp\/v2\/types\/post"}],"author":[{"embeddable":true,"href":"https:\/\/www.pcnen.com\/portal\/wp-json\/wp\/v2\/users\/1"}],"replies":[{"embeddable":true,"href":"https:\/\/www.pcnen.com\/portal\/wp-json\/wp\/v2\/comments?post=452078"}],"version-history":[{"count":1,"href":"https:\/\/www.pcnen.com\/portal\/wp-json\/wp\/v2\/posts\/452078\/revisions"}],"predecessor-version":[{"id":452081,"href":"https:\/\/www.pcnen.com\/portal\/wp-json\/wp\/v2\/posts\/452078\/revisions\/452081"}],"wp:featuredmedia":[{"embeddable":true,"href":"https:\/\/www.pcnen.com\/portal\/wp-json\/wp\/v2\/media\/442029"}],"wp:attachment":[{"href":"https:\/\/www.pcnen.com\/portal\/wp-json\/wp\/v2\/media?parent=452078"}],"wp:term":[{"taxonomy":"category","embeddable":true,"href":"https:\/\/www.pcnen.com\/portal\/wp-json\/wp\/v2\/categories?post=452078"},{"taxonomy":"post_tag","embeddable":true,"href":"https:\/\/www.pcnen.com\/portal\/wp-json\/wp\/v2\/tags?post=452078"}],"curies":[{"name":"wp","href":"https:\/\/api.w.org\/{rel}","templated":true}]}}