{"id":452070,"date":"2026-02-24T21:11:23","date_gmt":"2026-02-24T20:11:23","guid":{"rendered":"https:\/\/www.pcnen.com\/portal\/?p=452070"},"modified":"2026-02-24T21:11:23","modified_gmt":"2026-02-24T20:11:23","slug":"zemljotres-srednje-jacine-u-albaniji-5","status":"publish","type":"post","link":"https:\/\/www.pcnen.com\/portal\/2026\/02\/24\/zemljotres-srednje-jacine-u-albaniji-5\/","title":{"rendered":"Zemljotres srednje ja\u010dine u Albaniji"},"content":{"rendered":"<p>Sektor za seizmologiju Zavoda za hidrometeorologiju i seizmologiju (ZHMS) u 20 \u010dasova registrovao je zemljotres ja\u010dine 4,1 jedinicu Rihterove skale \u0161to odgovara epicentralnom intenzitetu od VI stepeni Merkalijeve skale (MCS).<\/p>\n<p>Epicentrar je bio 35 km jugozapadno od Elbasana, u Albaniji.<\/p>\n<p>Zemljotres se mogao osjetiti i u Crnoj Gori.<\/p>\n<p>Prema preliminarnim podacima obrade, \u017eariste zemljotresa locirano je na dubini od 14 km.<\/p>\n<p>Kako je saop\u0161teno iz ZHHMS, zemljotres je mogao izazvati samo manje materijalne \u0161tete u epicentralnom podru\u010dju.<\/p>\n","protected":false},"excerpt":{"rendered":"<p>Sektor za seizmologiju Zavoda za hidrometeorologiju i seizmologiju (ZHMS) u 20 \u010dasova registrovao je zemljotres ja\u010dine 4,1 jedinicu Rihterove skale \u0161to odgovara epicentralnom intenzitetu od VI stepeni Merkalijeve skale (MCS).<\/p>\n","protected":false},"author":1,"featured_media":328529,"comment_status":"open","ping_status":"closed","sticky":false,"template":"","format":"standard","meta":{"_seopress_robots_primary_cat":"none","_seopress_titles_title":"","_seopress_titles_desc":"","_seopress_robots_index":"","_et_pb_use_builder":"","_et_pb_old_content":"","_et_gb_content_width":"","inline_featured_image":false,"footnotes":""},"categories":[14],"tags":[],"class_list":["post-452070","post","type-post","status-publish","format-standard","has-post-thumbnail","hentry","category-vijesti"],"_links":{"self":[{"href":"https:\/\/www.pcnen.com\/portal\/wp-json\/wp\/v2\/posts\/452070","targetHints":{"allow":["GET"]}}],"collection":[{"href":"https:\/\/www.pcnen.com\/portal\/wp-json\/wp\/v2\/posts"}],"about":[{"href":"https:\/\/www.pcnen.com\/portal\/wp-json\/wp\/v2\/types\/post"}],"author":[{"embeddable":true,"href":"https:\/\/www.pcnen.com\/portal\/wp-json\/wp\/v2\/users\/1"}],"replies":[{"embeddable":true,"href":"https:\/\/www.pcnen.com\/portal\/wp-json\/wp\/v2\/comments?post=452070"}],"version-history":[{"count":1,"href":"https:\/\/www.pcnen.com\/portal\/wp-json\/wp\/v2\/posts\/452070\/revisions"}],"predecessor-version":[{"id":452073,"href":"https:\/\/www.pcnen.com\/portal\/wp-json\/wp\/v2\/posts\/452070\/revisions\/452073"}],"wp:featuredmedia":[{"embeddable":true,"href":"https:\/\/www.pcnen.com\/portal\/wp-json\/wp\/v2\/media\/328529"}],"wp:attachment":[{"href":"https:\/\/www.pcnen.com\/portal\/wp-json\/wp\/v2\/media?parent=452070"}],"wp:term":[{"taxonomy":"category","embeddable":true,"href":"https:\/\/www.pcnen.com\/portal\/wp-json\/wp\/v2\/categories?post=452070"},{"taxonomy":"post_tag","embeddable":true,"href":"https:\/\/www.pcnen.com\/portal\/wp-json\/wp\/v2\/tags?post=452070"}],"curies":[{"name":"wp","href":"https:\/\/api.w.org\/{rel}","templated":true}]}}