{"id":452055,"date":"2026-02-24T19:52:38","date_gmt":"2026-02-24T18:52:38","guid":{"rendered":"https:\/\/www.pcnen.com\/portal\/?p=452055"},"modified":"2026-02-24T19:56:57","modified_gmt":"2026-02-24T18:56:57","slug":"partijski-odnosi-nadjacali-javni-interes-u-izboru-savjeta-rtv-podgorica","status":"publish","type":"post","link":"https:\/\/www.pcnen.com\/portal\/2026\/02\/24\/partijski-odnosi-nadjacali-javni-interes-u-izboru-savjeta-rtv-podgorica\/","title":{"rendered":"Partijski odnosi nadja\u010dali javni interes u izboru Savjeta RTV Podgorica"},"content":{"rendered":"<p>Centar za gra\u0111ansko obrazovanje (CGO) izra\u017eava zabrinutost zbog \u010dinjenice da na posljednjoj sjednici Odbora za izbor i imenovanja Glavnog grada Podgorica nije utvr\u0111ena lista kandidata\/kinja za \u010dlanove\/ice Savjeta RTV Podgorica, \u010dime je postupak izbora najva\u017enijeg upravlja\u010dkog tijela ovog lokalnog javnog emitera neopravdano ostao bez institucionalnog ishoda.<\/p>\n<p>Ovakav epilog dodatno produbljuje zabrinutost da proces nije vo\u0111en isklju\u010divo na osnovu jasno definisanih i javno provjerljivih kriterijuma. Indikativno je da kandidatkinja Nata\u0161a Nelevi\u0107, koja je ispunjavala sve uslove, kao i nevladine organizacije koje su je predlo\u017eile, a njemu kojima je i CGO, nije pro\u0161la u dalju proceduri verifikacije mandata u Savjet RTV Podgorica. To otvara prostor za sumnju da su partijski interesi prevagnuli nad principima profesionalnosti i javnog interesa, iako upravo ovi postupci moraju biti za\u0161ti\u0107eni od partijskog uticaja. U kona\u010dnici, ovakav ishod naru\u0161ava povjerenje javnosti i obesmi\u0161ljava svrhu javnog poziva.<\/p>\n<p>Posebno brine \u0161to uprkos ukazivanju na formalne nedostatke u pojedinim kandidaturama iste nijesu odba\u010deni i nije se pristupilo odlu\u010divanju o kandidatima\/kinjama koji nesporno ispunjavaju propisane uslove. Time je propu\u0161tena prilika da donosioci odluka poka\u017eu dosljednost u primjeni kriterijuma i oja\u010daju integritet procesa.<\/p>\n<p>Savjet RTV Podgorica predstavlja klju\u010dni mehanizam za obezbje\u0111ivanje nezavisnosti rada ovog javnog emitera. Njegova uloga u izboru i razrje\u0161enju rukovodstva, nadzoru zakonitosti rada i po\u0161tovanju profesionalnih standarda, kao i u strate\u0161kom razvoju medija koji se finansira javnim sredstvima, zahtijeva izbor \u010dlanova\/ica zasnovan na kompetencijama, integritetu i zakonitosti.<\/p>\n<p>CGO podsje\u0107a da se ovaj slu\u010daj uklapa u \u0161iri obrazac politi\u010dkog zarobljavanja upravlja\u010dkih struktura u medijskom sektoru. Sli\u010dne institucionalne blokade obilje\u017eile su i proces imenovanja \u010dlanova Savjeta Agencije za audiovizuelne i medijske usluge (AMU), \u0161to su registrovali i evropski partneri, upozoravaju\u0107i na potrebu dosljedne primjene medijskog zakonodavstva.<\/p>\n<p>Neutvr\u0111ivanje liste kandidata\/kinja bez jasnog i detaljnog obrazlo\u017eenja ima za cilj da obeshrabri organizacije civilnog dru\u0161tva i druge legitimne predlaga\u010de da u\u010destvuju u procesima koji bi trebalo da ja\u010daju javni interes i pluralizam. Posljedi\u010dno, dodatno se su\u017eava prostor za profesionalno i nezavisno upravljanje javnim medijima.<\/p>\n<p>CGO poziva predsjednicu i odbornike\/ce Skup\u0161tine Glavnog grada, kao i \u010dlanove Odbora za izbor i imenovanja, da bez daljeg odlaganja obezbijede zakonit, transparentan i odgovoran postupak izbora \u010dlanova\/ica Savjeta RTV Podgorica, uz javno dostupno obrazlo\u017eenje zasnovano na kriterijumima, a ne politi\u010dkim odnosima. Ukoliko se ponovo raspi\u0161e konkurs, CGO \u0107e podr\u017eati istu kandidatkinju jer ona ima stru\u010dnost i integritet za tu poziciju, a predstavnici politi\u010dkih partija su du\u017eni da uva\u017ee ve\u0107insko mi\u0161ljenje civilnog sektora i reference kandidata.<\/p>\n<p>Nikola Obradovi\u0107, saradnik na programima<\/p>\n<p>Centar za gra\u0111ansko obrazovanje (CGO)<\/p>\n","protected":false},"excerpt":{"rendered":"<p>Centar za gra\u0111ansko obrazovanje (CGO) izra\u017eava zabrinutost zbog \u010dinjenice da na posljednjoj sjednici Odbora za izbor i imenovanja Glavnog grada Podgorica nije utvr\u0111ena lista kandidata\/kinja za \u010dlanove\/ice Savjeta RTV Podgorica, \u010dime je postupak izbora najva\u017enijeg upravlja\u010dkog tijela ovog lokalnog javnog emitera neopravdano ostao bez institucionalnog ishoda.<\/p>\n","protected":false},"author":1,"featured_media":452061,"comment_status":"open","ping_status":"closed","sticky":false,"template":"","format":"standard","meta":{"_seopress_robots_primary_cat":"none","_seopress_titles_title":"","_seopress_titles_desc":"","_seopress_robots_index":"","_et_pb_use_builder":"","_et_pb_old_content":"","_et_gb_content_width":"","inline_featured_image":false,"footnotes":""},"categories":[3],"tags":[],"class_list":["post-452055","post","type-post","status-publish","format-standard","has-post-thumbnail","hentry","category-analize-i-misljenja"],"_links":{"self":[{"href":"https:\/\/www.pcnen.com\/portal\/wp-json\/wp\/v2\/posts\/452055","targetHints":{"allow":["GET"]}}],"collection":[{"href":"https:\/\/www.pcnen.com\/portal\/wp-json\/wp\/v2\/posts"}],"about":[{"href":"https:\/\/www.pcnen.com\/portal\/wp-json\/wp\/v2\/types\/post"}],"author":[{"embeddable":true,"href":"https:\/\/www.pcnen.com\/portal\/wp-json\/wp\/v2\/users\/1"}],"replies":[{"embeddable":true,"href":"https:\/\/www.pcnen.com\/portal\/wp-json\/wp\/v2\/comments?post=452055"}],"version-history":[{"count":1,"href":"https:\/\/www.pcnen.com\/portal\/wp-json\/wp\/v2\/posts\/452055\/revisions"}],"predecessor-version":[{"id":452059,"href":"https:\/\/www.pcnen.com\/portal\/wp-json\/wp\/v2\/posts\/452055\/revisions\/452059"}],"wp:featuredmedia":[{"embeddable":true,"href":"https:\/\/www.pcnen.com\/portal\/wp-json\/wp\/v2\/media\/452061"}],"wp:attachment":[{"href":"https:\/\/www.pcnen.com\/portal\/wp-json\/wp\/v2\/media?parent=452055"}],"wp:term":[{"taxonomy":"category","embeddable":true,"href":"https:\/\/www.pcnen.com\/portal\/wp-json\/wp\/v2\/categories?post=452055"},{"taxonomy":"post_tag","embeddable":true,"href":"https:\/\/www.pcnen.com\/portal\/wp-json\/wp\/v2\/tags?post=452055"}],"curies":[{"name":"wp","href":"https:\/\/api.w.org\/{rel}","templated":true}]}}