{"id":452022,"date":"2026-02-24T12:29:56","date_gmt":"2026-02-24T11:29:56","guid":{"rendered":"https:\/\/www.pcnen.com\/portal\/?p=452022"},"modified":"2026-02-24T12:29:56","modified_gmt":"2026-02-24T11:29:56","slug":"odbacena-krivicna-prijava-vuksica-protiv-pajkovic","status":"publish","type":"post","link":"https:\/\/www.pcnen.com\/portal\/2026\/02\/24\/odbacena-krivicna-prijava-vuksica-protiv-pajkovic\/","title":{"rendered":"Odba\u010dena krivi\u010dna prijava Vuk\u0161i\u0107a protiv Pajkovi\u0107"},"content":{"rendered":"<p>Osnovno dr\u017eavno tu\u017eila\u0161tvo u Podgorici saop\u0161tilo je da je odbacilo krivi\u010dnu prijavu Uprave policije, Odeljenja bezbjednosti Podgorica, podnijetu protiv Mirjane Pajkovi\u0107 zbog sumnje da je u\u010dinila krivi\u010dno djelo prinuda na \u0161tetu bi\u0161eg savjetnika za bezbjednost predsjednika dr\u017eave Dejana Vuk\u0161i\u0107a.<\/p>\n<p>\u201cNakon ocjene spisa predmeta i sprovedenih svih zakonom predvi\u0111enih mjera i radnji, postupaju\u0107a dr\u017eavna tu\u017eiteljka je odbacila krivi\u010dnu prijavu protiv M.P. jer ne postoji osnovana sumnja da je izvr\u0161ila ni navedeno, ni bilo koje drugo krivi\u010dno djelo za koje se gonjenje preduzima po slu\u017ebenoj du\u017enosti\u201d, pi\u0161e u saop\u0161tenju ODT Podgorica.<\/p>\n<p>&nbsp;<\/p>\n<blockquote class=\"wp-embedded-content\" data-secret=\"UtYbClkLXX\"><p><a href=\"https:\/\/www.pcnen.com\/portal\/2026\/01\/25\/bura-nakon-ostavke-mirjane-pajkovic\/\">Bura nakon ostavke Mirjane Pajkovi\u0107<\/a><\/p><\/blockquote>\n<p><iframe loading=\"lazy\" class=\"wp-embedded-content\" sandbox=\"allow-scripts\" security=\"restricted\" style=\"position: absolute; visibility: hidden;\" title=\"&#8220;Bura nakon ostavke Mirjane Pajkovi\u0107&#8221; &#8212; PCNEN\" src=\"https:\/\/www.pcnen.com\/portal\/2026\/01\/25\/bura-nakon-ostavke-mirjane-pajkovic\/embed\/#?secret=UgTEa32ykq#?secret=UtYbClkLXX\" data-secret=\"UtYbClkLXX\" width=\"600\" height=\"338\" frameborder=\"0\" marginwidth=\"0\" marginheight=\"0\" scrolling=\"no\"><\/iframe><\/p>\n","protected":false},"excerpt":{"rendered":"<p>Osnovno dr\u017eavno tu\u017eila\u0161tvo u Podgorici saop\u0161tilo je da je odbacilo krivi\u010dnu prijavu Uprave policije, Odeljenja bezbjednosti Podgorica, podnijetu protiv Mirjane Pajkovi\u0107 zbog sumnje da je u\u010dinila krivi\u010dno djelo prinuda na \u0161tetu bi\u0161eg savjetnika za bezbjednost predsjednika dr\u017eave Dejana Vuk\u0161i\u0107a.<\/p>\n","protected":false},"author":1,"featured_media":417638,"comment_status":"open","ping_status":"closed","sticky":false,"template":"","format":"standard","meta":{"_seopress_robots_primary_cat":"none","_seopress_titles_title":"","_seopress_titles_desc":"","_seopress_robots_index":"","_et_pb_use_builder":"","_et_pb_old_content":"","_et_gb_content_width":"","inline_featured_image":false,"footnotes":""},"categories":[14],"tags":[],"class_list":["post-452022","post","type-post","status-publish","format-standard","has-post-thumbnail","hentry","category-vijesti"],"_links":{"self":[{"href":"https:\/\/www.pcnen.com\/portal\/wp-json\/wp\/v2\/posts\/452022","targetHints":{"allow":["GET"]}}],"collection":[{"href":"https:\/\/www.pcnen.com\/portal\/wp-json\/wp\/v2\/posts"}],"about":[{"href":"https:\/\/www.pcnen.com\/portal\/wp-json\/wp\/v2\/types\/post"}],"author":[{"embeddable":true,"href":"https:\/\/www.pcnen.com\/portal\/wp-json\/wp\/v2\/users\/1"}],"replies":[{"embeddable":true,"href":"https:\/\/www.pcnen.com\/portal\/wp-json\/wp\/v2\/comments?post=452022"}],"version-history":[{"count":1,"href":"https:\/\/www.pcnen.com\/portal\/wp-json\/wp\/v2\/posts\/452022\/revisions"}],"predecessor-version":[{"id":452025,"href":"https:\/\/www.pcnen.com\/portal\/wp-json\/wp\/v2\/posts\/452022\/revisions\/452025"}],"wp:featuredmedia":[{"embeddable":true,"href":"https:\/\/www.pcnen.com\/portal\/wp-json\/wp\/v2\/media\/417638"}],"wp:attachment":[{"href":"https:\/\/www.pcnen.com\/portal\/wp-json\/wp\/v2\/media?parent=452022"}],"wp:term":[{"taxonomy":"category","embeddable":true,"href":"https:\/\/www.pcnen.com\/portal\/wp-json\/wp\/v2\/categories?post=452022"},{"taxonomy":"post_tag","embeddable":true,"href":"https:\/\/www.pcnen.com\/portal\/wp-json\/wp\/v2\/tags?post=452022"}],"curies":[{"name":"wp","href":"https:\/\/api.w.org\/{rel}","templated":true}]}}