{"id":451972,"date":"2026-02-23T20:31:20","date_gmt":"2026-02-23T19:31:20","guid":{"rendered":"https:\/\/www.pcnen.com\/portal\/?p=451972"},"modified":"2026-02-23T20:31:20","modified_gmt":"2026-02-23T19:31:20","slug":"media-centar-izbor-novih-clanova-savjeta-rtv-podgorica-blokirao-pes-sa-koalicionim-partnerima","status":"publish","type":"post","link":"https:\/\/www.pcnen.com\/portal\/2026\/02\/23\/media-centar-izbor-novih-clanova-savjeta-rtv-podgorica-blokirao-pes-sa-koalicionim-partnerima\/","title":{"rendered":"Media centar: Izbor novih \u010dlanova Savjeta RTV Podgorica blokirao PES sa koalicionim\u00a0 partnerima"},"content":{"rendered":"<p>Odbor za izbor i imenovanja Glavnog grada Podgorica je danas protivzakonito zaustavio proceduru imenovanja novih \u010dlanova Savjeta RTV Podgorica, <a href=\"https:\/\/mediacentar.me\/izbor-novih-clanova-savjeta-rtv-podgorica-blokirao-pes-sa-koalicionim-partnerima\/\" target=\"_blank\" rel=\"noopener\">saop\u0161tio je Media centar.<\/a><\/p>\n<p>\u201ePredsjednica Odbora An\u0111ela Mi\u0107ovi\u0107 (PES) je nakaradnim tuma\u010denjem Odluke o osnivanju Dru\u0161tva sa ograni\u010denom odgovorno\u0161\u0107u Lokalni javni emiter Radio televizija Podgorica, proces imenovanja novih \u010dlanova Savjeta RTV Podgorica zaustavila, jer kandidat PES-a, navodni predstavnik NVO, nije imao urednu dokumentaciju i dovoljnu podr\u0161ku NVO iz oblasti za\u0161tite ljudskih prava\u201c, ka\u017ee se u saop\u0161tenju za javnosrt Media centra.<\/p>\n<p>Media centar ocjenjuje da je PES \u201ejednako brutalan u kr\u0161enju propisa kao \u0161to je nekad bo DPS\u201c.<\/p>\n<p>Media centar je naveo da je od Skup\u0161tine Glavnog grada tra\u017eio slobodan pristup dokumentaciji kandidata za \u010dlanove Savjeta RTV Podgorica, i da \u0107e, ukoliko mu bude udovoljeno obavijestiti Delegaciju Evropske komisije o zloupotrebama u primjeni medijske regulative od strane vlasti u Glavnom gradu.<\/p>\n","protected":false},"excerpt":{"rendered":"<p>Odbor za izbor i imenovanja Glavnog grada Podgorica je danas protivzakonito zaustavio proceduru imenovanja novih \u010dlanova Savjeta RTV Podgorica, saop\u0161tio je Media centar. \u201ePredsjednica Odbora An\u0111ela Mi\u0107ovi\u0107 (PES) je nakaradnim tuma\u010denjem Odluke o osnivanju Dru\u0161tva sa ograni\u010denom odgovorno\u0161\u0107u Lokalni javni emiter Radio televizija Podgorica, proces imenovanja novih \u010dlanova Savjeta RTV Podgorica zaustavila, jer kandidat PES-a, [&hellip;]<\/p>\n","protected":false},"author":1,"featured_media":425543,"comment_status":"open","ping_status":"closed","sticky":false,"template":"","format":"standard","meta":{"_seopress_robots_primary_cat":"none","_seopress_titles_title":"","_seopress_titles_desc":"","_seopress_robots_index":"","_et_pb_use_builder":"","_et_pb_old_content":"","_et_gb_content_width":"","inline_featured_image":false,"footnotes":""},"categories":[14],"tags":[],"class_list":["post-451972","post","type-post","status-publish","format-standard","has-post-thumbnail","hentry","category-vijesti"],"_links":{"self":[{"href":"https:\/\/www.pcnen.com\/portal\/wp-json\/wp\/v2\/posts\/451972","targetHints":{"allow":["GET"]}}],"collection":[{"href":"https:\/\/www.pcnen.com\/portal\/wp-json\/wp\/v2\/posts"}],"about":[{"href":"https:\/\/www.pcnen.com\/portal\/wp-json\/wp\/v2\/types\/post"}],"author":[{"embeddable":true,"href":"https:\/\/www.pcnen.com\/portal\/wp-json\/wp\/v2\/users\/1"}],"replies":[{"embeddable":true,"href":"https:\/\/www.pcnen.com\/portal\/wp-json\/wp\/v2\/comments?post=451972"}],"version-history":[{"count":1,"href":"https:\/\/www.pcnen.com\/portal\/wp-json\/wp\/v2\/posts\/451972\/revisions"}],"predecessor-version":[{"id":451975,"href":"https:\/\/www.pcnen.com\/portal\/wp-json\/wp\/v2\/posts\/451972\/revisions\/451975"}],"wp:featuredmedia":[{"embeddable":true,"href":"https:\/\/www.pcnen.com\/portal\/wp-json\/wp\/v2\/media\/425543"}],"wp:attachment":[{"href":"https:\/\/www.pcnen.com\/portal\/wp-json\/wp\/v2\/media?parent=451972"}],"wp:term":[{"taxonomy":"category","embeddable":true,"href":"https:\/\/www.pcnen.com\/portal\/wp-json\/wp\/v2\/categories?post=451972"},{"taxonomy":"post_tag","embeddable":true,"href":"https:\/\/www.pcnen.com\/portal\/wp-json\/wp\/v2\/tags?post=451972"}],"curies":[{"name":"wp","href":"https:\/\/api.w.org\/{rel}","templated":true}]}}