{"id":451919,"date":"2026-02-23T09:18:24","date_gmt":"2026-02-23T08:18:24","guid":{"rendered":"https:\/\/www.pcnen.com\/portal\/?p=451919"},"modified":"2026-02-23T09:18:24","modified_gmt":"2026-02-23T08:18:24","slug":"cgo-u-ukrajini-se-brane-vrijednosti-evrope","status":"publish","type":"post","link":"https:\/\/www.pcnen.com\/portal\/2026\/02\/23\/cgo-u-ukrajini-se-brane-vrijednosti-evrope\/","title":{"rendered":"CGO: U Ukrajini se brane vrijednosti Evrope"},"content":{"rendered":"<p>Povodom \u010detvrte godi\u0161njice od po\u010detka ruske vojne agresije na Ukrajinu &#8211; 24. februara 2026. godine, Centar za gra\u0111ansko obrazovanje (CGO) najo\u0161trije osu\u0111uje brutalno i kontinuirano kr\u0161enje me\u0111unarodnog prava, dr\u017eavnog suvereniteta i temeljnih civilizacijskih vrijednosti.<\/p>\n<p>Izra\u017eavamo solidarnost sa gra\u0111ankama i gra\u0111anima Ukrajine, koji istrajno i hrabro brane slobodu, dostojanstvo i teritorijalni integritet svoje dr\u017eave, uprkos razaranjima i stradanjima nesagledivih razmjera.<\/p>\n<p>Vlada Crne Gore se od po\u010detka agresije pridru\u017eila zajedni\u010dkom odgovoru Evropske unije, uklju\u010duju\u0107i restriktivne mjere prema Rusiji, te pru\u017eila uto\u010di\u0161te velikom broju ukrajinskih izbjeglica. Upravo zato brine izostanak predstavnika Vlada na samitu Koalicije voljnih u Parizu u januaru 2026. godine, \u010dime je propu\u0161tena va\u017ena prilika za potvr\u0111ivanje spoljnopoliti\u010dke dosljednosti i kredibiliteta Crne Gore.<\/p>\n<p>Ovo je najte\u017ei i najrazorniji sukob u Evropi od II svjetskog rata, sa katastrofalnim ljudskim i materijalnim gubicima, ali i ozbiljnim posljedicama po me\u0111unarodni poredak i globalnu bezbjednost.<\/p>\n<p>Odgovor demokratske me\u0111unarodne zajednice mora biti jo\u0161 odlu\u010dniji, utemeljen na principu nulte tolerancije prema agresiji, kr\u0161enju me\u0111unarodnog prava i stradanju civila. Crna Gora, kao \u010dlanica NATO saveza i dr\u017eava kandidatkinja za \u010dlanstvo u EU, mora ostati jasna i principijelna u podr\u0161ci Ukrajini i odbrani vrijednosti savremenog demokratskog poretka.<\/p>\n<p><strong>Centar za gra\u0111ansko obrazovanje (CGO)<\/strong><\/p>\n","protected":false},"excerpt":{"rendered":"<p>Povodom \u010detvrte godi\u0161njice od po\u010detka ruske vojne agresije na Ukrajinu &#8211; 24. februara 2026. godine, Centar za gra\u0111ansko obrazovanje (CGO) najo\u0161trije osu\u0111uje brutalno i kontinuirano kr\u0161enje me\u0111unarodnog prava, dr\u017eavnog suvereniteta i temeljnih civilizacijskih vrijednosti.<\/p>\n","protected":false},"author":1,"featured_media":451922,"comment_status":"open","ping_status":"closed","sticky":false,"template":"","format":"standard","meta":{"_seopress_robots_primary_cat":"none","_seopress_titles_title":"","_seopress_titles_desc":"","_seopress_robots_index":"","_et_pb_use_builder":"","_et_pb_old_content":"","_et_gb_content_width":"","inline_featured_image":false,"footnotes":""},"categories":[3],"tags":[],"class_list":["post-451919","post","type-post","status-publish","format-standard","has-post-thumbnail","hentry","category-analize-i-misljenja"],"_links":{"self":[{"href":"https:\/\/www.pcnen.com\/portal\/wp-json\/wp\/v2\/posts\/451919","targetHints":{"allow":["GET"]}}],"collection":[{"href":"https:\/\/www.pcnen.com\/portal\/wp-json\/wp\/v2\/posts"}],"about":[{"href":"https:\/\/www.pcnen.com\/portal\/wp-json\/wp\/v2\/types\/post"}],"author":[{"embeddable":true,"href":"https:\/\/www.pcnen.com\/portal\/wp-json\/wp\/v2\/users\/1"}],"replies":[{"embeddable":true,"href":"https:\/\/www.pcnen.com\/portal\/wp-json\/wp\/v2\/comments?post=451919"}],"version-history":[{"count":1,"href":"https:\/\/www.pcnen.com\/portal\/wp-json\/wp\/v2\/posts\/451919\/revisions"}],"predecessor-version":[{"id":451923,"href":"https:\/\/www.pcnen.com\/portal\/wp-json\/wp\/v2\/posts\/451919\/revisions\/451923"}],"wp:featuredmedia":[{"embeddable":true,"href":"https:\/\/www.pcnen.com\/portal\/wp-json\/wp\/v2\/media\/451922"}],"wp:attachment":[{"href":"https:\/\/www.pcnen.com\/portal\/wp-json\/wp\/v2\/media?parent=451919"}],"wp:term":[{"taxonomy":"category","embeddable":true,"href":"https:\/\/www.pcnen.com\/portal\/wp-json\/wp\/v2\/categories?post=451919"},{"taxonomy":"post_tag","embeddable":true,"href":"https:\/\/www.pcnen.com\/portal\/wp-json\/wp\/v2\/tags?post=451919"}],"curies":[{"name":"wp","href":"https:\/\/api.w.org\/{rel}","templated":true}]}}