{"id":451910,"date":"2026-02-23T07:25:08","date_gmt":"2026-02-23T06:25:08","guid":{"rendered":"https:\/\/www.pcnen.com\/portal\/?p=451910"},"modified":"2026-02-23T07:25:08","modified_gmt":"2026-02-23T06:25:08","slug":"engels-ce-dobiti-muzej-u-londonu","status":"publish","type":"post","link":"https:\/\/www.pcnen.com\/portal\/2026\/02\/23\/engels-ce-dobiti-muzej-u-londonu\/","title":{"rendered":"Engels \u0107e dobiti muzej u Londonu"},"content":{"rendered":"<p>U biv\u0161oj ku\u0107i njema\u010dkog filozofa i sociologa Fridriha Engelsa u sjevernom Londonu otvori\u0107e se muzej posve\u0107en koautoru Komunisti\u010dkog manifesta.<\/p>\n<p>Nekada\u0161nju Engelsovu rezidenciju u kojoj je \u017eivio 24 godine, naslijedila je bibliotekarka Kerolajn Ejmi Rid, koja je imanje poklonila povjereni\u0161tvu koje \u017eeli da transformi\u0161e nekretninu, prenosi Tanjug.<\/p>\n<p>Prema planovima fondacije &#8220;Ejmi Rid trast&#8221;, ku\u0107a u Rid\u017eents park roudu bi\u0107e pretvorena u &#8220;Engelsovu ku\u0107u&#8221; i sastoja\u0107e se od muzeja i prostora za zajedni\u010dke sastanke.<\/p>\n<p>Fondacija navodi da \u0107e mladi ljudi mo\u0107i da u\u010de o istoriji \u201cborbe radni\u010dke klase, rodne ravnopravnosti i me\u0111unarodne solidarnosti, kroz redovne razgovore, debate i izlo\u017ebe\u201d.<\/p>\n<p>Stanovnici Primrouz hila i lokalni politi\u010dari doveli su u pitanje pogodnost lokacije za ovakav projekat.<\/p>\n<p>\u201cVe\u0107 imamo dovoljno posjetilaca u ovom dijelu. Otvaranje ku\u0107e za javnost sigurno \u0107e privu\u0107i ve\u0107e mase. Iako mnogi mogu da razumiju razlog iza ove ideje jer je to bila Engelsova biv\u0161a ku\u0107a, znam da se nekoliko ljudi, uklju\u010duju\u0107i i mene, brine da \u0107e ulica postati poznata kao miesto na kojem se okuplja ekstremna lievica\u201d, rekao je za Telegraf mu\u0161karac koji \u017eivi vrlo blizu biv\u0161e Engelsove ku\u0107e.<\/p>\n","protected":false},"excerpt":{"rendered":"<p>Nekada\u0161nju Engelsovu rezidenciju u kojoj je \u017eivio 24 godine, naslijedila je bibliotekarka Kerolajn Ejmi Rid, koja je imanje poklonila povjereni\u0161tvu koje \u017eeli da transformi\u0161e nekretninu<\/p>\n","protected":false},"author":1,"featured_media":451913,"comment_status":"open","ping_status":"closed","sticky":false,"template":"","format":"standard","meta":{"_seopress_robots_primary_cat":"none","_seopress_titles_title":"","_seopress_titles_desc":"","_seopress_robots_index":"","_et_pb_use_builder":"","_et_pb_old_content":"","_et_gb_content_width":"","inline_featured_image":false,"footnotes":""},"categories":[9],"tags":[],"class_list":["post-451910","post","type-post","status-publish","format-standard","has-post-thumbnail","hentry","category-zanimljivosti"],"_links":{"self":[{"href":"https:\/\/www.pcnen.com\/portal\/wp-json\/wp\/v2\/posts\/451910","targetHints":{"allow":["GET"]}}],"collection":[{"href":"https:\/\/www.pcnen.com\/portal\/wp-json\/wp\/v2\/posts"}],"about":[{"href":"https:\/\/www.pcnen.com\/portal\/wp-json\/wp\/v2\/types\/post"}],"author":[{"embeddable":true,"href":"https:\/\/www.pcnen.com\/portal\/wp-json\/wp\/v2\/users\/1"}],"replies":[{"embeddable":true,"href":"https:\/\/www.pcnen.com\/portal\/wp-json\/wp\/v2\/comments?post=451910"}],"version-history":[{"count":1,"href":"https:\/\/www.pcnen.com\/portal\/wp-json\/wp\/v2\/posts\/451910\/revisions"}],"predecessor-version":[{"id":451914,"href":"https:\/\/www.pcnen.com\/portal\/wp-json\/wp\/v2\/posts\/451910\/revisions\/451914"}],"wp:featuredmedia":[{"embeddable":true,"href":"https:\/\/www.pcnen.com\/portal\/wp-json\/wp\/v2\/media\/451913"}],"wp:attachment":[{"href":"https:\/\/www.pcnen.com\/portal\/wp-json\/wp\/v2\/media?parent=451910"}],"wp:term":[{"taxonomy":"category","embeddable":true,"href":"https:\/\/www.pcnen.com\/portal\/wp-json\/wp\/v2\/categories?post=451910"},{"taxonomy":"post_tag","embeddable":true,"href":"https:\/\/www.pcnen.com\/portal\/wp-json\/wp\/v2\/tags?post=451910"}],"curies":[{"name":"wp","href":"https:\/\/api.w.org\/{rel}","templated":true}]}}