{"id":451895,"date":"2026-02-22T20:45:36","date_gmt":"2026-02-22T19:45:36","guid":{"rendered":"https:\/\/www.pcnen.com\/portal\/?p=451895"},"modified":"2026-02-22T20:45:36","modified_gmt":"2026-02-22T19:45:36","slug":"desetine-ilegalnih-izraelskih-doseljenika-upali-u-kompleks-dzamije-al-aksa","status":"publish","type":"post","link":"https:\/\/www.pcnen.com\/portal\/2026\/02\/22\/desetine-ilegalnih-izraelskih-doseljenika-upali-u-kompleks-dzamije-al-aksa\/","title":{"rendered":"Desetine ilegalnih izraelskih doseljenika upali u kompleks d\u017eamije Al-Aksa"},"content":{"rendered":"<p>Desetine ilegalnih izraelskih doseljenika su upali danas u kompleks d\u017eamije Al-Aksa u okupiranom Isto\u010dnom Jerusalemu, petog dana mjeseca ramazana, izvijestili su palestinski mediji, prenosi agencija Anadolu.<\/p>\n<p>Prema navodima palestinske novinske agencije Wafa, doseljenici su, uz za\u0161titu izraelske policije, u\u0161li u ovaj osjetljivi vjerski lokalitet i u dvori\u0161tu d\u017eamije izvodili obrede.<\/p>\n<p>Agencija navodi da je upad dio niza ponovljenih izraelskih mjera &#8220;usmjerenih na demografske promjene u d\u017eamiji i u Isto\u010dnom Jeruzalemu&#8221;, prenosi portal Index.hr.<\/p>\n","protected":false},"excerpt":{"rendered":"<p>Prema navodima palestinske novinske agencije Wafa, doseljenici su, uz za\u0161titu izraelske policije, u\u0161li u ovaj osjetljivi vjerski lokalitet i u dvori\u0161tu d\u017eamije izvodili obrede<\/p>\n","protected":false},"author":1,"featured_media":400150,"comment_status":"open","ping_status":"closed","sticky":false,"template":"","format":"standard","meta":{"_seopress_robots_primary_cat":"none","_seopress_titles_title":"","_seopress_titles_desc":"","_seopress_robots_index":"","_et_pb_use_builder":"","_et_pb_old_content":"","_et_gb_content_width":"","inline_featured_image":false,"footnotes":""},"categories":[14],"tags":[],"class_list":["post-451895","post","type-post","status-publish","format-standard","has-post-thumbnail","hentry","category-vijesti"],"_links":{"self":[{"href":"https:\/\/www.pcnen.com\/portal\/wp-json\/wp\/v2\/posts\/451895","targetHints":{"allow":["GET"]}}],"collection":[{"href":"https:\/\/www.pcnen.com\/portal\/wp-json\/wp\/v2\/posts"}],"about":[{"href":"https:\/\/www.pcnen.com\/portal\/wp-json\/wp\/v2\/types\/post"}],"author":[{"embeddable":true,"href":"https:\/\/www.pcnen.com\/portal\/wp-json\/wp\/v2\/users\/1"}],"replies":[{"embeddable":true,"href":"https:\/\/www.pcnen.com\/portal\/wp-json\/wp\/v2\/comments?post=451895"}],"version-history":[{"count":1,"href":"https:\/\/www.pcnen.com\/portal\/wp-json\/wp\/v2\/posts\/451895\/revisions"}],"predecessor-version":[{"id":451898,"href":"https:\/\/www.pcnen.com\/portal\/wp-json\/wp\/v2\/posts\/451895\/revisions\/451898"}],"wp:featuredmedia":[{"embeddable":true,"href":"https:\/\/www.pcnen.com\/portal\/wp-json\/wp\/v2\/media\/400150"}],"wp:attachment":[{"href":"https:\/\/www.pcnen.com\/portal\/wp-json\/wp\/v2\/media?parent=451895"}],"wp:term":[{"taxonomy":"category","embeddable":true,"href":"https:\/\/www.pcnen.com\/portal\/wp-json\/wp\/v2\/categories?post=451895"},{"taxonomy":"post_tag","embeddable":true,"href":"https:\/\/www.pcnen.com\/portal\/wp-json\/wp\/v2\/tags?post=451895"}],"curies":[{"name":"wp","href":"https:\/\/api.w.org\/{rel}","templated":true}]}}