{"id":451886,"date":"2026-02-22T18:56:23","date_gmt":"2026-02-22T17:56:23","guid":{"rendered":"https:\/\/www.pcnen.com\/portal\/?p=451886"},"modified":"2026-02-22T18:58:58","modified_gmt":"2026-02-22T17:58:58","slug":"sdt-podnijelo-optuzni-predlog-protiv-bivseg-ministra-siimovica","status":"publish","type":"post","link":"https:\/\/www.pcnen.com\/portal\/2026\/02\/22\/sdt-podnijelo-optuzni-predlog-protiv-bivseg-ministra-siimovica\/","title":{"rendered":"SDT podnijelo optu\u017eni predlog protiv biv\u0161eg ministra Siimovi\u0107a"},"content":{"rendered":"<p>Specijalno dr\u017eavno tu\u017eila\u0161tvo je Specijalnom odjeljenju Vi\u0161eg suda u Podgorici podnijelo optu\u017eni predlog protiv biv\u0161eg crnogorskog ministra poljoprivrede i ruralnog razvoja Milutina Simovi\u0107a.<\/p>\n<p>Optu\u017eni predlog je podnesen, kako je zvani\u010dno <a href=\"https:\/\/tuzilastvo.me\/tuzilastva\/podnijet-optuzni-predlog-protiv-bivseg-ministra-poljoprivrede-i-ruralnog-razvoja\/\" target=\"_blank\" rel=\"noopener\">saop\u0161teno<\/a>, &#8220;zbog postojanja osnovane sumnje da je u\u010dinio produ\u017eeno krivi\u010dno djelo zloupotreba slu\u017ebenog polo\u017eaja, u \u010diji sastav ulazi 16 radnji izvr\u0161enja&#8221;.<\/p>\n<p><a href=\"https:\/\/www.pcnen.com\/portal\/?s=Simovi\" target=\"_blank\" rel=\"noopener\">VEZANE VIJESTI<\/a><\/p>\n","protected":false},"excerpt":{"rendered":"<p>Specijalno dr\u017eavno tu\u017eila\u0161tvo je Specijalnom odjeljenju Vi\u0161eg suda u Podgorici podnijelo optu\u017eni predlog protiv biv\u0161eg crnogorskog ministra poljoprivrede i ruralnog razvoja Milutina Simovi\u0107a.<\/p>\n","protected":false},"author":1,"featured_media":297779,"comment_status":"open","ping_status":"closed","sticky":false,"template":"","format":"standard","meta":{"_seopress_robots_primary_cat":"none","_seopress_titles_title":"","_seopress_titles_desc":"","_seopress_robots_index":"","_et_pb_use_builder":"","_et_pb_old_content":"","_et_gb_content_width":"","inline_featured_image":false,"footnotes":""},"categories":[14],"tags":[],"class_list":["post-451886","post","type-post","status-publish","format-standard","has-post-thumbnail","hentry","category-vijesti"],"_links":{"self":[{"href":"https:\/\/www.pcnen.com\/portal\/wp-json\/wp\/v2\/posts\/451886","targetHints":{"allow":["GET"]}}],"collection":[{"href":"https:\/\/www.pcnen.com\/portal\/wp-json\/wp\/v2\/posts"}],"about":[{"href":"https:\/\/www.pcnen.com\/portal\/wp-json\/wp\/v2\/types\/post"}],"author":[{"embeddable":true,"href":"https:\/\/www.pcnen.com\/portal\/wp-json\/wp\/v2\/users\/1"}],"replies":[{"embeddable":true,"href":"https:\/\/www.pcnen.com\/portal\/wp-json\/wp\/v2\/comments?post=451886"}],"version-history":[{"count":2,"href":"https:\/\/www.pcnen.com\/portal\/wp-json\/wp\/v2\/posts\/451886\/revisions"}],"predecessor-version":[{"id":451890,"href":"https:\/\/www.pcnen.com\/portal\/wp-json\/wp\/v2\/posts\/451886\/revisions\/451890"}],"wp:featuredmedia":[{"embeddable":true,"href":"https:\/\/www.pcnen.com\/portal\/wp-json\/wp\/v2\/media\/297779"}],"wp:attachment":[{"href":"https:\/\/www.pcnen.com\/portal\/wp-json\/wp\/v2\/media?parent=451886"}],"wp:term":[{"taxonomy":"category","embeddable":true,"href":"https:\/\/www.pcnen.com\/portal\/wp-json\/wp\/v2\/categories?post=451886"},{"taxonomy":"post_tag","embeddable":true,"href":"https:\/\/www.pcnen.com\/portal\/wp-json\/wp\/v2\/tags?post=451886"}],"curies":[{"name":"wp","href":"https:\/\/api.w.org\/{rel}","templated":true}]}}