{"id":451865,"date":"2026-02-22T07:46:31","date_gmt":"2026-02-22T06:46:31","guid":{"rendered":"https:\/\/www.pcnen.com\/portal\/?p=451865"},"modified":"2026-02-22T07:46:31","modified_gmt":"2026-02-22T06:46:31","slug":"burno-na-zatvaranju-berlinalea-dobitnici-nagrada-osudili-genocid-u-gazi-prozivali-vlade-njemacke-i-sad","status":"publish","type":"post","link":"https:\/\/www.pcnen.com\/portal\/2026\/02\/22\/burno-na-zatvaranju-berlinalea-dobitnici-nagrada-osudili-genocid-u-gazi-prozivali-vlade-njemacke-i-sad\/","title":{"rendered":"Burno na zatvaranju Berlinalea: Dobitnici nagrada osudili genocid u Gazi, prozivali vlade Njema\u010dke i SAD"},"content":{"rendered":"<p>Na sve\u010danoj dodjeli nagrada Berlinalea atmosfera je bila sna\u017eno politi\u010dki obilje\u017eena, jer su brojni dobitnici iskoristili govore zahvalnosti da osude izraelske akcije u Gazi i ulogu zapadnih vlada. Vi\u0161e dobitnika je situaciju opisalo kao genocid i ukazalo na odgovornost me\u0111unarodne zajednice.<\/p>\n<p>Me\u0111u njima je bio i Abdallah Al-Khatib, dobitnik nagrade za najbolji debitantski film za ostvarenje &#8220;Chronicles From the Siege&#8221;.<\/p>\n<p>Tokom govora je kazao: &#8220;Sre\u0107an sam \u0161to sam ovdje i \u0161to sam dobio ovu nagradu, ali sam Palestinac, tako da moram iskoristiti ovaj trenutak da govorim o Palestini&#8221;.<\/p>\n<p>Istakao je da je bio pod velikim pritiskom da u\u010destvuje na Berlinaleu kako bi mogao re\u0107i da \u0107e Palestinci biti slobodni i da \u0107e jednog dana biti organizovan veliki filmski festival usred Gaze i drugih palestinskih gradova, <a href=\"https:\/\/www.klix.ba\/magazin\/film-tv\/burno-na-zatvaranju-berlinalea-dobitnici-nagrada-osudili-genocid-u-gazi-prozivali-vlade-njemacke-i-sad-a\/260222012\" target=\"_blank\" rel=\"noopener\">prenosi klix.ba.<\/a><\/p>\n<p><iframe loading=\"lazy\" title=\"YouTube video player\" src=\"https:\/\/www.youtube.com\/embed\/VhQOIBw8vW0?si=vQHsB0h54CvDvSaS\" width=\"560\" height=\"315\" frameborder=\"0\" allowfullscreen=\"allowfullscreen\"><\/iframe><\/p>\n","protected":false},"excerpt":{"rendered":"<p>Na sve\u010danoj dodjeli nagrada Berlinalea atmosfera je bila sna\u017eno politi\u010dki obilje\u017eena, jer su brojni dobitnici iskoristili govore zahvalnosti da osude izraelske akcije u Gazi i ulogu zapadnih vlada. Vi\u0161e dobitnika je situaciju opisalo kao genocid i ukazalo na odgovornost me\u0111unarodne zajednice<\/p>\n","protected":false},"author":1,"featured_media":451580,"comment_status":"open","ping_status":"closed","sticky":false,"template":"","format":"standard","meta":{"_seopress_robots_primary_cat":"none","_seopress_titles_title":"","_seopress_titles_desc":"","_seopress_robots_index":"","_et_pb_use_builder":"","_et_pb_old_content":"","_et_gb_content_width":"","inline_featured_image":false,"footnotes":""},"categories":[14],"tags":[],"class_list":["post-451865","post","type-post","status-publish","format-standard","has-post-thumbnail","hentry","category-vijesti"],"_links":{"self":[{"href":"https:\/\/www.pcnen.com\/portal\/wp-json\/wp\/v2\/posts\/451865","targetHints":{"allow":["GET"]}}],"collection":[{"href":"https:\/\/www.pcnen.com\/portal\/wp-json\/wp\/v2\/posts"}],"about":[{"href":"https:\/\/www.pcnen.com\/portal\/wp-json\/wp\/v2\/types\/post"}],"author":[{"embeddable":true,"href":"https:\/\/www.pcnen.com\/portal\/wp-json\/wp\/v2\/users\/1"}],"replies":[{"embeddable":true,"href":"https:\/\/www.pcnen.com\/portal\/wp-json\/wp\/v2\/comments?post=451865"}],"version-history":[{"count":2,"href":"https:\/\/www.pcnen.com\/portal\/wp-json\/wp\/v2\/posts\/451865\/revisions"}],"predecessor-version":[{"id":451869,"href":"https:\/\/www.pcnen.com\/portal\/wp-json\/wp\/v2\/posts\/451865\/revisions\/451869"}],"wp:featuredmedia":[{"embeddable":true,"href":"https:\/\/www.pcnen.com\/portal\/wp-json\/wp\/v2\/media\/451580"}],"wp:attachment":[{"href":"https:\/\/www.pcnen.com\/portal\/wp-json\/wp\/v2\/media?parent=451865"}],"wp:term":[{"taxonomy":"category","embeddable":true,"href":"https:\/\/www.pcnen.com\/portal\/wp-json\/wp\/v2\/categories?post=451865"},{"taxonomy":"post_tag","embeddable":true,"href":"https:\/\/www.pcnen.com\/portal\/wp-json\/wp\/v2\/tags?post=451865"}],"curies":[{"name":"wp","href":"https:\/\/api.w.org\/{rel}","templated":true}]}}