{"id":451845,"date":"2026-02-21T21:24:10","date_gmt":"2026-02-21T20:24:10","guid":{"rendered":"https:\/\/www.pcnen.com\/portal\/?p=451845"},"modified":"2026-02-21T21:24:10","modified_gmt":"2026-02-21T20:24:10","slug":"aleksandra-subotic-otpustena-sa-mjesta-direktorke-united-media","status":"publish","type":"post","link":"https:\/\/www.pcnen.com\/portal\/2026\/02\/21\/aleksandra-subotic-otpustena-sa-mjesta-direktorke-united-media\/","title":{"rendered":"Aleksandra Suboti\u0107 otpu\u0161tena sa mjesta direktorke United Media"},"content":{"rendered":"<p>Kako saznaje portal <a href=\"https:\/\/raskrikavanje.rs\/aleksandra-subotic-otpustena-sa-mesta-direktorke-united-media\/\" target=\"_blank\" rel=\"noopener\">Raskrikavanje<\/a> iz vi\u0161e izvora, dugogodi\u0161nja direktorka United Media Aleksandra Suboti\u0107 otpu\u0161tena je nakon vi\u0161emese\u010dnih spekulacija da joj se razrje\u0161enje bli\u017ei. To je jo\u0161 jedan korak u pravcu \u201eupodobljavanja\u201c priije svega televizija N1 i Nova.<\/p>\n<p>Odmah nakon \u0161to je izdato saop\u0161tenje o formiranju nove kompanije Adria news network, dugogodi\u0161nja direktorka United Media-e Aleksandra Suboti\u0107 dobila je otkaz, potvr\u0111eno je Raskrikavanju iz nekoliko izvora.<\/p>\n<p>Suboti\u0107 je bila jedna od klju\u010dnih osoba kompanije United Media, pod \u010dijom su upravom do prije nekoliko dana poslovali mediji N1, Nova S, Danas i Radar.<\/p>\n<p>Time je realizovan plan o kojem su novi generalni direktor United Groupa Sten Miler i direktor dr\u017eavnog Telekoma Vladimir Lu\u010di\u0107 razgovarali.<\/p>\n<p>KRIK\/OCCRP su u avgustu pro\u0161le godine objavili snimak na kojem se \u010duju Miler i Lu\u010di\u0107 kako razgovaraju o smjeni Suboti\u0107, a direktor Telekoma navodi da je zahtjev za smjenu do\u0161ao \u201edirektno od predsjednika Srbije Aleksandra Vu\u010di\u0107a\u201d.<\/p>\n<p>\u201eRazumem da Vas je predsednik zvao i da je veoma uznemiren, i mogu to da razumem, ali moram da na\u0111em na\u010din da to uradim brzo i efikasno (\u2026) Kad ja ne\u0161to obe\u0107am, ja to i uradim. Ja sam \u010dovek od re\u010di\u201d, rekao je tada Miler Lu\u010di\u0107u.<\/p>\n<p>\u201eNe mogu da otpustim Aleksandru danas, kao \u0161to smo pri\u010dali, u redu? Moram da napravim tu kompaniju veoma malom u Srbiji, ako razume\u0161 na \u0161ta mislim. Da je odvojim. (Potrebno je) vreme za to, i to je ono \u0161to smo se dogovorili\u201d, obrazlo\u017eio je svoj plan tada Miler.<\/p>\n<blockquote class=\"wp-embedded-content\" data-secret=\"3RFxG59M6r\"><p><a href=\"https:\/\/www.pcnen.com\/portal\/2026\/02\/19\/osnovana-nova-kompanija-koja-ce-nadgledati-rad-n1-nove-danasa-radara-vijesti\/\">Osnovana nova kompanija koja \u0107e nadgledati rad N1, Nove, Danasa, Radara, Vijesti<\/a><\/p><\/blockquote>\n<p><iframe loading=\"lazy\" class=\"wp-embedded-content\" sandbox=\"allow-scripts\" security=\"restricted\" style=\"position: absolute; visibility: hidden;\" title=\"&#8220;Osnovana nova kompanija koja \u0107e nadgledati rad N1, Nove, Danasa, Radara, Vijesti&#8221; &#8212; PCNEN\" src=\"https:\/\/www.pcnen.com\/portal\/2026\/02\/19\/osnovana-nova-kompanija-koja-ce-nadgledati-rad-n1-nove-danasa-radara-vijesti\/embed\/#?secret=6kEZm1iAqG#?secret=3RFxG59M6r\" data-secret=\"3RFxG59M6r\" width=\"600\" height=\"338\" frameborder=\"0\" marginwidth=\"0\" marginheight=\"0\" scrolling=\"no\"><\/iframe><\/p>\n","protected":false},"excerpt":{"rendered":"<p>Kako saznaje portal Raskrikavanje iz vi\u0161e izvora, dugogodi\u0161nja direktorka United Media Aleksandra Suboti\u0107 otpu\u0161tena je nakon vi\u0161emese\u010dnih spekulacija da joj se razrje\u0161enje bli\u017ei. To je jo\u0161 jedan korak u pravcu \u201eupodobljavanja\u201c priije svega televizija N1 i Nova<\/p>\n","protected":false},"author":1,"featured_media":447256,"comment_status":"open","ping_status":"closed","sticky":false,"template":"","format":"standard","meta":{"_seopress_robots_primary_cat":"none","_seopress_titles_title":"","_seopress_titles_desc":"","_seopress_robots_index":"","_et_pb_use_builder":"","_et_pb_old_content":"","_et_gb_content_width":"","inline_featured_image":false,"footnotes":""},"categories":[14],"tags":[],"class_list":["post-451845","post","type-post","status-publish","format-standard","has-post-thumbnail","hentry","category-vijesti"],"_links":{"self":[{"href":"https:\/\/www.pcnen.com\/portal\/wp-json\/wp\/v2\/posts\/451845","targetHints":{"allow":["GET"]}}],"collection":[{"href":"https:\/\/www.pcnen.com\/portal\/wp-json\/wp\/v2\/posts"}],"about":[{"href":"https:\/\/www.pcnen.com\/portal\/wp-json\/wp\/v2\/types\/post"}],"author":[{"embeddable":true,"href":"https:\/\/www.pcnen.com\/portal\/wp-json\/wp\/v2\/users\/1"}],"replies":[{"embeddable":true,"href":"https:\/\/www.pcnen.com\/portal\/wp-json\/wp\/v2\/comments?post=451845"}],"version-history":[{"count":1,"href":"https:\/\/www.pcnen.com\/portal\/wp-json\/wp\/v2\/posts\/451845\/revisions"}],"predecessor-version":[{"id":451848,"href":"https:\/\/www.pcnen.com\/portal\/wp-json\/wp\/v2\/posts\/451845\/revisions\/451848"}],"wp:featuredmedia":[{"embeddable":true,"href":"https:\/\/www.pcnen.com\/portal\/wp-json\/wp\/v2\/media\/447256"}],"wp:attachment":[{"href":"https:\/\/www.pcnen.com\/portal\/wp-json\/wp\/v2\/media?parent=451845"}],"wp:term":[{"taxonomy":"category","embeddable":true,"href":"https:\/\/www.pcnen.com\/portal\/wp-json\/wp\/v2\/categories?post=451845"},{"taxonomy":"post_tag","embeddable":true,"href":"https:\/\/www.pcnen.com\/portal\/wp-json\/wp\/v2\/tags?post=451845"}],"curies":[{"name":"wp","href":"https:\/\/api.w.org\/{rel}","templated":true}]}}