{"id":451819,"date":"2026-02-21T11:42:14","date_gmt":"2026-02-21T10:42:14","guid":{"rendered":"https:\/\/www.pcnen.com\/portal\/?p=451819"},"modified":"2026-02-21T11:42:14","modified_gmt":"2026-02-21T10:42:14","slug":"ambasador-sad-u-izraelu-bilo-bi-u-redu-da-se-izrael-prosiri-na-liban-siriju-jordan-i-djelove-sa","status":"publish","type":"post","link":"https:\/\/www.pcnen.com\/portal\/2026\/02\/21\/ambasador-sad-u-izraelu-bilo-bi-u-redu-da-se-izrael-prosiri-na-liban-siriju-jordan-i-djelove-sa\/","title":{"rendered":"Ambasador SAD u Izraelu: Bilo bi u redu da se Izrael pro\u0161iri na Liban, Siriju, Jordan i djelove SA"},"content":{"rendered":"<p>Majk Hakabi, ambasador SAD u Izraelu, je poru\u010dio da ne bi imao ni\u0161ta protiv da Izrael preuzme ve\u0107i dio Bliskog istoka, nagla\u0161avaju\u0107i, kako je rekao, pravo jevrejskog naroda na tu zemlju. U intervjuu s konzervativnim komentatorom Tukerom Karlsonom, emitobanim u petak, Hakabi je upitan o geografskim granicama Izraela, za koje tvrdi da su utemeljene u Bibliji.<\/p>\n<p>Karlson je naveo da biblijski stih obe\u0107ava zemlju Abrahamovim potomcima, uklju\u010duju\u0107i podru\u010dje izme\u0111u rijeke Eufrat u Iraku i rijeke Nil u Egiptu. Takvo podru\u010dje obuhvatalo bi dana\u0161nji Liban, Siriju, Jordan i djelove Saudijske Arabije.<\/p>\n<p>\u201eBilo bi u redu kad bi uzeli sve\u201c, rekao je Hakabi, kojeg je pro\u0161le godine imenovao predsjednik Donald Tramp.<\/p>\n<p>Karlson, vidno iznena\u0111en, je upitao zna\u010di li to da bi zaista podr\u017eao \u0161irenje Izraela na cijelu regiju.<\/p>\n<p>\u201eOni to ne \u017eele preuzeti. Ne tra\u017ee da to preuzmu\u201c, odgovorio je ambasador, <a href=\"https:\/\/teleskop.hr\/svijet\/trumpov-veleposlanik-u-izraelu-bilo-bi-u-redu-da-se-izrael-prosiri-na-libanon-siriju-jordan-i-dijelove-saudijske-arabije\/\" target=\"_blank\" rel=\"noopener\">prenosi teleskop.hr.<\/a><\/p>\n<p>Hakabi, otvoreni hr\u0161\u0107anski cionista i sna\u017ean branitelj Izraela, kasnije je ubla\u017eio svoju izjavu, rekav\u0161i da je bila \u201epomalo hiperboli\u010dna\u201c. Ipak, ostavio je otvorenom mogu\u0107nost izraelskog \u0161irenja na temelju vlastitog vjerskog tuma\u010denja.<\/p>\n","protected":false},"excerpt":{"rendered":"<p>Majk Hakabi, ambasador SAD u Izraelu, je poru\u010dio da ne bi imao ni\u0161ta protiv da Izrael preuzme ve\u0107i dio Bliskog istoka, nagla\u0161avaju\u0107i, kako je rekao, pravo jevrejskog naroda na tu zemlju<\/p>\n","protected":false},"author":1,"featured_media":420104,"comment_status":"open","ping_status":"closed","sticky":false,"template":"","format":"standard","meta":{"_seopress_robots_primary_cat":"none","_seopress_titles_title":"","_seopress_titles_desc":"","_seopress_robots_index":"","_et_pb_use_builder":"","_et_pb_old_content":"","_et_gb_content_width":"","inline_featured_image":false,"footnotes":""},"categories":[14],"tags":[],"class_list":["post-451819","post","type-post","status-publish","format-standard","has-post-thumbnail","hentry","category-vijesti"],"_links":{"self":[{"href":"https:\/\/www.pcnen.com\/portal\/wp-json\/wp\/v2\/posts\/451819","targetHints":{"allow":["GET"]}}],"collection":[{"href":"https:\/\/www.pcnen.com\/portal\/wp-json\/wp\/v2\/posts"}],"about":[{"href":"https:\/\/www.pcnen.com\/portal\/wp-json\/wp\/v2\/types\/post"}],"author":[{"embeddable":true,"href":"https:\/\/www.pcnen.com\/portal\/wp-json\/wp\/v2\/users\/1"}],"replies":[{"embeddable":true,"href":"https:\/\/www.pcnen.com\/portal\/wp-json\/wp\/v2\/comments?post=451819"}],"version-history":[{"count":1,"href":"https:\/\/www.pcnen.com\/portal\/wp-json\/wp\/v2\/posts\/451819\/revisions"}],"predecessor-version":[{"id":451822,"href":"https:\/\/www.pcnen.com\/portal\/wp-json\/wp\/v2\/posts\/451819\/revisions\/451822"}],"wp:featuredmedia":[{"embeddable":true,"href":"https:\/\/www.pcnen.com\/portal\/wp-json\/wp\/v2\/media\/420104"}],"wp:attachment":[{"href":"https:\/\/www.pcnen.com\/portal\/wp-json\/wp\/v2\/media?parent=451819"}],"wp:term":[{"taxonomy":"category","embeddable":true,"href":"https:\/\/www.pcnen.com\/portal\/wp-json\/wp\/v2\/categories?post=451819"},{"taxonomy":"post_tag","embeddable":true,"href":"https:\/\/www.pcnen.com\/portal\/wp-json\/wp\/v2\/tags?post=451819"}],"curies":[{"name":"wp","href":"https:\/\/api.w.org\/{rel}","templated":true}]}}