{"id":451805,"date":"2026-02-21T08:48:05","date_gmt":"2026-02-21T07:48:05","guid":{"rendered":"https:\/\/www.pcnen.com\/portal\/?p=451805"},"modified":"2026-02-21T08:48:05","modified_gmt":"2026-02-21T07:48:05","slug":"za-izmjene-ustavne-odredbe-o-jeziku-nema-ni-vecine-ni-potrebe","status":"publish","type":"post","link":"https:\/\/www.pcnen.com\/portal\/2026\/02\/21\/za-izmjene-ustavne-odredbe-o-jeziku-nema-ni-vecine-ni-potrebe\/","title":{"rendered":"Za izmjene ustavne odredbe o jeziku nema ni ve\u0107ine ni potrebe"},"content":{"rendered":"<p>Centar za gra\u0111ansko obrazovanje (CGO), povodom 21. februara &#8211; Me\u0111unarodnog dana maternjeg jezika, ukazuje na sve u\u010destaliju politizaciju pitanja jezika u Crnoj Gori, \u0161to doprinosi politi\u010dkoj nestabilnosti u dr\u017eavi.<\/p>\n<p>Me\u0111unarodni dan maternjeg jezika ustanovljen je 1999. godine od strane UNESCO-a s ciljem da uka\u017ee na va\u017enost o\u010duvanja jezi\u010dkog identiteta, kao klju\u010dne kulturne komponente i intelektualnog naslje\u0111a. Na ovaj dan, \u0161irom svijeta promovi\u0161e se raznolikost jezika i multilingvalizam.<\/p>\n<p>Crna Gora je multijezi\u010dka zemlja. Ustav iz 2007. godine, osim slu\u017ebenog crnogorskog jezika, prepoznaje jo\u0161 \u010detiri jezika u slu\u017ebenoj upotrebi &#8211; srpski, bosanski, albanski i hrvatski. \u0106irili\u010dno i latini\u010dno pismo su ravnopravni.<\/p>\n<p>Iako je crnogorski jezik standardizovan, me\u0111unarodno priznat i kodifikovan u okviru ISO jezi\u010dkog standarda, negiranje njegove posebnosti u \u0161irem ju\u017enoslovenskom jezi\u010dkom prostora i dalje je, na\u017ealost, institucionalizovano.<\/p>\n<p>Nedavni primjeri diskriminacije crnogorskog jezika uklju\u010duju: njegov izostanak na novom portalu Poreske uprave, odbijanje JU Narodne biblioteke \u201eRadosav Ljumovi\u0107\u201c u Podgorici da \u0161tampa knjigu na jotovanoj varijanti crnogorskog jezika, objavljivanje knjige u izdanju Crvenog krsta Crne Gore na jotovanoj varijanti uz obja\u0161njenje da je to \u201epo \u017eelji autora\u201c.<\/p>\n<p>Ne treba zaboraviti da je u junu 2025. godine odluka o upisu studenata Fakulteta za crnogorski jezik i knji\u017eevnost (FCJK) stavljena na dnevni red sjednice Vlade Crne Gore kao materijal o kojem se raspravlja, dok je identi\u010dna odluka za Univerzitet Crne Gore (UCG) uvr\u0161tena u materijale o kojima se ne raspravlja. Tako je umjesto formalnog usvajanja otvoreno politi\u010dko pitanje, a za finansiranje studija na FCJK nove generacije nijesu glasali Demokrate, Nova srpska demokratija (NSD), Demokratska narodna partija (DNP) i Socijalisti\u010dka narodna partije (SNP). Bez njihovih glasova sredstva nijesu bila osigurana, ali je nakon pritiska javnosti Vlada, isti dan, preina\u010dila odluku i finansiranje je odobreno. Na novom glasanju, ministar zdravlja Vojislav \u0160imun i potpredsjednik Vlade Filip Ivanovi\u0107, obojica iz partije koja se predstavlja kao gra\u0111anska, Pokreta Evropa sad (PES), nijesu podr\u017eali dodjelu sredstava za FCJK.<\/p>\n<p>Dodatno, iz srpskih nacionalisti\u010dkih struja sve \u010de\u0161\u0107e se govori o potrebi izmjene \u010dlana 13 Ustava koji reguli\u0161e pitanje jezika. CGO podsje\u0107a da je status srpskog jezika u Crnoj Gori regulisan isto kao u susjednoj Srbiji, gdje je \u010dlanom 10 Ustava Republike Srbije definisan kao jezik u slu\u017ebenoj upotrebi. Jasno je da iniciranje ovakvih izmjena ima prvenstveno politi\u010dki karakter i otvara prostor za produbljivanje dru\u0161tvenih podjela.<\/p>\n<p>Jezi\u010dke razli\u010ditosti su bogatstvo Crne Gore i nikome se ne smije osporavati pravo da se izra\u017eava na svom maternjem jeziku. Na Me\u0111unarodni dan maternjeg jezika pozivamo sve dru\u0161tvene aktere da po\u0161tuju zakone i Ustav Crne Gore, posebno u pogledu statusa crnogorskog jezika.<\/p>\n<p><strong>Ivan Ka\u0161\u0107elan,<\/strong> asistent na projektima<\/p>\n<p><strong>Centar za gra\u0111ansko obrazovanje (CGO)<\/strong><\/p>\n","protected":false},"excerpt":{"rendered":"<p>Centar za gra\u0111ansko obrazovanje (CGO), povodom 21. februara &#8211; Me\u0111unarodnog dana maternjeg jezika, ukazuje na sve u\u010destaliju politizaciju pitanja jezika u Crnoj Gori, \u0161to doprinosi politi\u010dkoj nestabilnosti u dr\u017eavi.<\/p>\n","protected":false},"author":1,"featured_media":451808,"comment_status":"open","ping_status":"closed","sticky":false,"template":"","format":"standard","meta":{"_seopress_robots_primary_cat":"none","_seopress_titles_title":"","_seopress_titles_desc":"","_seopress_robots_index":"","_et_pb_use_builder":"","_et_pb_old_content":"","_et_gb_content_width":"","inline_featured_image":false,"footnotes":""},"categories":[3],"tags":[],"class_list":["post-451805","post","type-post","status-publish","format-standard","has-post-thumbnail","hentry","category-analize-i-misljenja"],"_links":{"self":[{"href":"https:\/\/www.pcnen.com\/portal\/wp-json\/wp\/v2\/posts\/451805","targetHints":{"allow":["GET"]}}],"collection":[{"href":"https:\/\/www.pcnen.com\/portal\/wp-json\/wp\/v2\/posts"}],"about":[{"href":"https:\/\/www.pcnen.com\/portal\/wp-json\/wp\/v2\/types\/post"}],"author":[{"embeddable":true,"href":"https:\/\/www.pcnen.com\/portal\/wp-json\/wp\/v2\/users\/1"}],"replies":[{"embeddable":true,"href":"https:\/\/www.pcnen.com\/portal\/wp-json\/wp\/v2\/comments?post=451805"}],"version-history":[{"count":1,"href":"https:\/\/www.pcnen.com\/portal\/wp-json\/wp\/v2\/posts\/451805\/revisions"}],"predecessor-version":[{"id":451809,"href":"https:\/\/www.pcnen.com\/portal\/wp-json\/wp\/v2\/posts\/451805\/revisions\/451809"}],"wp:featuredmedia":[{"embeddable":true,"href":"https:\/\/www.pcnen.com\/portal\/wp-json\/wp\/v2\/media\/451808"}],"wp:attachment":[{"href":"https:\/\/www.pcnen.com\/portal\/wp-json\/wp\/v2\/media?parent=451805"}],"wp:term":[{"taxonomy":"category","embeddable":true,"href":"https:\/\/www.pcnen.com\/portal\/wp-json\/wp\/v2\/categories?post=451805"},{"taxonomy":"post_tag","embeddable":true,"href":"https:\/\/www.pcnen.com\/portal\/wp-json\/wp\/v2\/tags?post=451805"}],"curies":[{"name":"wp","href":"https:\/\/api.w.org\/{rel}","templated":true}]}}