{"id":451749,"date":"2026-02-20T16:31:01","date_gmt":"2026-02-20T15:31:01","guid":{"rendered":"https:\/\/www.pcnen.com\/portal\/?p=451749"},"modified":"2026-02-20T16:31:01","modified_gmt":"2026-02-20T15:31:01","slug":"savjet-amu-ogranicio-reemitovanje-emisije-novo-jutro-novo-jutro-jutro-sa-dusom-tv-pink","status":"publish","type":"post","link":"https:\/\/www.pcnen.com\/portal\/2026\/02\/20\/savjet-amu-ogranicio-reemitovanje-emisije-novo-jutro-novo-jutro-jutro-sa-dusom-tv-pink\/","title":{"rendered":"Savjet AMU ograni\u010dio reemitovanje emisije \u2018Novo jutro\/novo jutro\u2013jutro sa du\u0161om\u2019 TV Pink"},"content":{"rendered":"<p>Zbog spornog govora usmjerenog prema vi\u0161e nacionalnih i etni\u010dkih zajednica, Savjet Agencije za audiovizuelne medijske usluge (SAMU) donio je <a href=\"https:\/\/amu.me\/wp-content\/uploads\/2026\/02\/01-043-26-50-Rjesenje-o-privremenom-ogranicenju-reemitovanja-sadrzaja-Novo-jutro-od-TV-Pink-Telemach-EON.pdf\" target=\"_blank\" rel=\"noopener\">odluku o privremenom ograni\u010denju prijema i reemitovanja emisija<strong> Novo jutro \/Novo jutro \u2013 Jutro sa du\u0161om<\/strong><\/a>, koje se emituju u okviru programa TV Pink, \u010diji je emiter privredno dru\u0161tvo PINK MEDIA GROUP d.o.o. iz Srbije, zvani\u010dno je saop\u0161teno.<\/p>\n<p>Mjera se izri\u010de na period od \u0161est mjeseci zbog kr\u0161enja \u010dlana 7 stav 1 Evropske konvencije o prekograni\u010dnoj televiziji, kojim je propisano da programski sadr\u017eaji moraju po\u0161tovati dostojanstvo ljudskog bi\u0107a i osnovna prava drugih.<\/p>\n<p>Analizom emitovanih sadr\u017eaja u posmatranom periodu, Savjet Agencije je utvrdio da sporni govor nije usmjeren isklju\u010divo prema jednoj grupi, ve\u0107 prema vi\u0161e nacionalnih i etni\u010dkih zajednica, pri \u010demu je dominantno i najo\u0161trije usmjeren prema pripadnicima crnogorskog naroda, ali i prema hrvatskoj manjini i hrvatskim dr\u017eavljanima, kao i prema gra\u0111anima Republike Turske.<\/p>\n<p>Odluka Savjeta Agencije rezultat je procedure sprovedene u skladu sa Evropskom konvencijom o prekograni\u010dnoj televiziji, tokom koje je Savjet postupao vode\u0107i ra\u010duna o na\u010delima za\u0161tite slobode izra\u017eavanja i garantovanja retransmisije stranih programa na teritoriji Crne Gore. U tom postupku, Agencija je uputila dva obavje\u0161tenja Regulatornom tijelu za elektronske medije Republike Srbije (REM), omogu\u0107avaju\u0107i regulatoru zemlje porijekla da, u okviru svoje nadle\u017enosti, preduzme mjere u odnosu na sporni sadr\u017eaj koji se emituje sa njegove teritorije.<\/p>\n","protected":false},"excerpt":{"rendered":"<p>Zbog spornog govora usmjerenog prema vi\u0161e nacionalnih i etni\u010dkih zajednica, Savjet Agencije za audiovizuelne medijske usluge (SAMU) donio je odluku o privremenom ograni\u010denju prijema i reemitovanja emisija Novo jutro \/Novo jutro \u2013 Jutro sa du\u0161om, koje se emituju u okviru programa TV Pink, \u010diji je emiter privredno dru\u0161tvo PINK MEDIA GROUP d.o.o. iz Srbije, zvani\u010dno je saop\u0161teno<\/p>\n","protected":false},"author":1,"featured_media":413054,"comment_status":"open","ping_status":"closed","sticky":false,"template":"","format":"standard","meta":{"_seopress_robots_primary_cat":"none","_seopress_titles_title":"","_seopress_titles_desc":"","_seopress_robots_index":"","_et_pb_use_builder":"","_et_pb_old_content":"","_et_gb_content_width":"","inline_featured_image":false,"footnotes":""},"categories":[14],"tags":[],"class_list":["post-451749","post","type-post","status-publish","format-standard","has-post-thumbnail","hentry","category-vijesti"],"_links":{"self":[{"href":"https:\/\/www.pcnen.com\/portal\/wp-json\/wp\/v2\/posts\/451749","targetHints":{"allow":["GET"]}}],"collection":[{"href":"https:\/\/www.pcnen.com\/portal\/wp-json\/wp\/v2\/posts"}],"about":[{"href":"https:\/\/www.pcnen.com\/portal\/wp-json\/wp\/v2\/types\/post"}],"author":[{"embeddable":true,"href":"https:\/\/www.pcnen.com\/portal\/wp-json\/wp\/v2\/users\/1"}],"replies":[{"embeddable":true,"href":"https:\/\/www.pcnen.com\/portal\/wp-json\/wp\/v2\/comments?post=451749"}],"version-history":[{"count":1,"href":"https:\/\/www.pcnen.com\/portal\/wp-json\/wp\/v2\/posts\/451749\/revisions"}],"predecessor-version":[{"id":451752,"href":"https:\/\/www.pcnen.com\/portal\/wp-json\/wp\/v2\/posts\/451749\/revisions\/451752"}],"wp:featuredmedia":[{"embeddable":true,"href":"https:\/\/www.pcnen.com\/portal\/wp-json\/wp\/v2\/media\/413054"}],"wp:attachment":[{"href":"https:\/\/www.pcnen.com\/portal\/wp-json\/wp\/v2\/media?parent=451749"}],"wp:term":[{"taxonomy":"category","embeddable":true,"href":"https:\/\/www.pcnen.com\/portal\/wp-json\/wp\/v2\/categories?post=451749"},{"taxonomy":"post_tag","embeddable":true,"href":"https:\/\/www.pcnen.com\/portal\/wp-json\/wp\/v2\/tags?post=451749"}],"curies":[{"name":"wp","href":"https:\/\/api.w.org\/{rel}","templated":true}]}}