{"id":451730,"date":"2026-02-20T12:00:24","date_gmt":"2026-02-20T11:00:24","guid":{"rendered":"https:\/\/www.pcnen.com\/portal\/?p=451730"},"modified":"2026-02-20T12:00:24","modified_gmt":"2026-02-20T11:00:24","slug":"socijalna-pravda-mora-postati-praksa-a-ne-norma-na-papiru","status":"publish","type":"post","link":"https:\/\/www.pcnen.com\/portal\/2026\/02\/20\/socijalna-pravda-mora-postati-praksa-a-ne-norma-na-papiru\/","title":{"rendered":"Socijalna pravda mora postati praksa, a ne norma na papiru"},"content":{"rendered":"<p>Centar za gra\u0111ansko obrazovanje (CGO), na Svjetski dan socijalne pravde, ocjenjuje da se socijalna pravda u Crnoj Gori i dalje pre\u010desto svodi na obe\u0107anja, dok stvarnost velikog broja gra\u0111ana i gra\u0111anki obilje\u017eavaju nesigurni prihodi, nejednak pristup javnim uslugama i ograni\u010dene \u0161anse za dru\u0161tvenu pokretljivost. Dodatno, ne po\u0161tuju se ni me\u0111unarodne preporuke, poput <em>preporuka Komiteta UN za ekonomska, socijalna i kulturna prava, niti klju\u010dni nacionalni dokumenti u oblasti borbe protiv siroma\u0161tva.<\/em><em>\u00a0<\/em><\/p>\n<p>Iako se \u010desto isti\u010du pojedini pozitivni ekonomski pokazatelji, to nije odraz kvaliteta \u017eivota niti sigurnosti radnog i socijalnog statusa gra\u0111ana i gra\u0111anki u Crnoj Gori. Prema podacima Uprave za statistiku (MONSTAT), stopa nezapo\u0161ljenosti u tre\u0107em kvartalu 2025. godine bila je 10,1%, a stopa zapo\u0161ljenosti 56%. Me\u0111utim, ovi podaci ne oslikavaju realnost velikog broja zapo\u0161ljenih koji rade u nesigurnim uslovima, bez stabilnih ugovora, uz niska primanja a rastu\u0107u inflaciju, kao i ograni\u010dena prava, naro\u010dito u oblastima obrazovanja, zapo\u0161ljavanja, zdravstvene i socijalne za\u0161tite. Prosje\u010dna neto zarada u novembru 2025. godine iznosila je 1.018 eura, ali taj prosjek prikriva zna\u010dajne razlike me\u0111u sektorima i regionima, kao i \u010dinjenicu da brojna doma\u0107instva i dalje te\u0161ko zadovoljavaju osnovne \u017eivotne potrebe, posebno u kontekstu rasta cijena i tro\u0161kova stanovanja. Istovremeno, ranjive grupe ostaju na margini, \u010desto isklju\u010dene i iz dru\u0161tvenih i politi\u010dkih procesa.<\/p>\n<p>Zabrinjavaju\u0107i je podatak da je oko 20% stanovni\u0161tva Crne Gore u riziku od siroma\u0161tva, pri \u010demu su djeca i mladi me\u0111u najugro\u017eenijima. To je i opomena da postoje\u0107e socijalne politike nijesu dovoljno sistemske i u\u010dinkovite, ve\u0107 se uglavnom svode na kratkoro\u010dne i parcijalne mjere bez trajnog efekta. Uprkos tome, Vlada Crne Gore je za 2026. godinu smanjila bud\u017eet za materijalno obezbje\u0111enje porodice za 500.000 eura, \u0161to samo produbljuje raskorak izme\u0111u na\u010delnih ciljeva u oblasti socijalne politike i bud\u017eetskih prioriteta.<\/p>\n<p>CGO podsje\u0107a da je Crna Gora, u skladu sa \u010dlanom 1 Ustava, definisana kao dr\u017eava socijalne pravde. To uklju\u010duje obavezu institucija da kroz konkretne, mjerljive i odr\u017eive politike obezbje\u0111uju dostojanstven \u017eivot, socijalnu sigurnost i jednake \u0161anse za sve, a ne da ta ustavna norma ostane norma na papiru.<\/p>\n<p>CGO poziva donosioce odluka i sve relevantne dru\u0161tvene aktere da hitno pokrenu otvoren i sadr\u017eajan dijalog o smanjenju socijalnih nejednakosti, uz jasne ciljeve, odgovornosti i rokove. Ostvarivanje ekonomskih, socijalnih i kulturnih prava nije mogu\u0107e bez odgovornog upravljanja javnim resursima, odlu\u010dne borbe protiv korupcije, ali i sna\u017enog i nezavisnog civilnog dru\u0161tva.<\/p>\n<p>Svjetski dan socijalne pravde treba da bude podsjetnik da socijalna pravda mora biti mjerljiva praksa institucija. CGO \u0107e nastaviti da doprinosi tom cilju kroz obrazovanje, zagovaranje, istra\u017eivanje i ja\u010danje demokratske kulture.<\/p>\n<p><em>Svjetski dan socijalne pravde, koji su Ujedinjene nacije ustanovile 2007. godine, ima za cilj ja\u010danje svijesti o jednakim \u0161ansama, socijalnoj uklju\u010denosti i smanjenju siroma\u0161tva.<\/em><em>\u00a0<\/em><\/p>\n<p>Rozana Vuljaj, asistentkinja na projektima<\/p>\n<p>Centar za gra\u0111ansko obrazovanje (CGO)<\/p>\n","protected":false},"excerpt":{"rendered":"<p>Svjetski dan socijalne pravde treba da bude podsjetnik da socijalna pravda mora biti mjerljiva praksa institucija. <\/p>\n","protected":false},"author":1,"featured_media":451733,"comment_status":"open","ping_status":"closed","sticky":false,"template":"","format":"standard","meta":{"_seopress_robots_primary_cat":"none","_seopress_titles_title":"","_seopress_titles_desc":"","_seopress_robots_index":"","_et_pb_use_builder":"","_et_pb_old_content":"","_et_gb_content_width":"","inline_featured_image":false,"footnotes":""},"categories":[3],"tags":[],"class_list":["post-451730","post","type-post","status-publish","format-standard","has-post-thumbnail","hentry","category-analize-i-misljenja"],"_links":{"self":[{"href":"https:\/\/www.pcnen.com\/portal\/wp-json\/wp\/v2\/posts\/451730","targetHints":{"allow":["GET"]}}],"collection":[{"href":"https:\/\/www.pcnen.com\/portal\/wp-json\/wp\/v2\/posts"}],"about":[{"href":"https:\/\/www.pcnen.com\/portal\/wp-json\/wp\/v2\/types\/post"}],"author":[{"embeddable":true,"href":"https:\/\/www.pcnen.com\/portal\/wp-json\/wp\/v2\/users\/1"}],"replies":[{"embeddable":true,"href":"https:\/\/www.pcnen.com\/portal\/wp-json\/wp\/v2\/comments?post=451730"}],"version-history":[{"count":1,"href":"https:\/\/www.pcnen.com\/portal\/wp-json\/wp\/v2\/posts\/451730\/revisions"}],"predecessor-version":[{"id":451734,"href":"https:\/\/www.pcnen.com\/portal\/wp-json\/wp\/v2\/posts\/451730\/revisions\/451734"}],"wp:featuredmedia":[{"embeddable":true,"href":"https:\/\/www.pcnen.com\/portal\/wp-json\/wp\/v2\/media\/451733"}],"wp:attachment":[{"href":"https:\/\/www.pcnen.com\/portal\/wp-json\/wp\/v2\/media?parent=451730"}],"wp:term":[{"taxonomy":"category","embeddable":true,"href":"https:\/\/www.pcnen.com\/portal\/wp-json\/wp\/v2\/categories?post=451730"},{"taxonomy":"post_tag","embeddable":true,"href":"https:\/\/www.pcnen.com\/portal\/wp-json\/wp\/v2\/tags?post=451730"}],"curies":[{"name":"wp","href":"https:\/\/api.w.org\/{rel}","templated":true}]}}