{"id":451679,"date":"2026-02-19T17:04:36","date_gmt":"2026-02-19T16:04:36","guid":{"rendered":"https:\/\/www.pcnen.com\/portal\/?p=451679"},"modified":"2026-02-19T17:04:36","modified_gmt":"2026-02-19T16:04:36","slug":"kuba-je-ugrozena-nuestra-amerika-apeluje-za-pomoc","status":"publish","type":"post","link":"https:\/\/www.pcnen.com\/portal\/2026\/02\/19\/kuba-je-ugrozena-nuestra-amerika-apeluje-za-pomoc\/","title":{"rendered":"Kuba je ugro\u017eena, Nuestra Amerika apeluje za pomo\u0107"},"content":{"rendered":"<p>Pozitivna internacionala je objavila danas da se \u201eNuestra Amerika\u201c razvija od jedne pomorske misije do globalnog konvoja za Kubu \u2014 mobili\u0161u\u0107i humanitarnu pomo\u0107 kopnom, vazduhom i morem, i okupljaju\u0107i se u Havani 21. marta. Ujedno je to poziv za pridru\u017eivanje ovoj misiji.<\/p>\n<p>Ovo je objavljeno nakon \u0161to je Visoki komesarijat UN za ljudska prava izdao ove nedjelje hitno upozorenje da su na Kubi ugro\u017eene jedinice intenzivne njege i odjeljenja za hitne slu\u010dajeve, kao i proizvodnja, isporuka i skladi\u0161tenje ljekova.<\/p>\n<p>\u201cTo su smrtonosne posljedice ameri\u010dke opsade Kube \u2014 \u2018ozbiljno kr\u0161enje me\u0111unarodnog prava i ozbiljna prijetnja demokratskom i pravednom me\u0111unarodnom poretku\u2019, kako su to opisala \u010detiri stru\u010dnjaka UN.<\/p>\n<p>Ko nije u mogu\u0107nosti da u\u010destvuje, mo\u017ee da <a href=\"https:\/\/nuestraamericaconvoy.org\/donate_en\/?link_id=3&amp;can_id=544789f6fdc147a1f5706d6795c8f849&amp;source=email-help-carry-nuestra-america-forward-2&amp;email_referrer=email_3106074&amp;email_subject=destination-havana-21-march&amp;&amp;\" target=\"_blank\" rel=\"noopener\">donira konvoju.<\/a> \u201cSav prihod ide za nabavku humanitarne pomo\u0107i i njenu isporuku kubanskom narodu\u201d.<\/p>\n<blockquote class=\"wp-embedded-content\" data-secret=\"9BNJHSmzx5\"><p><a href=\"https:\/\/www.pcnen.com\/portal\/2026\/02\/14\/plovimo-ka-kubi\/\">Plovimo ka Kubi<\/a><\/p><\/blockquote>\n<p><iframe loading=\"lazy\" class=\"wp-embedded-content\" sandbox=\"allow-scripts\" security=\"restricted\" style=\"position: absolute; visibility: hidden;\" title=\"&#8220;Plovimo ka Kubi&#8221; &#8212; PCNEN\" src=\"https:\/\/www.pcnen.com\/portal\/2026\/02\/14\/plovimo-ka-kubi\/embed\/#?secret=wYRu4bIaPF#?secret=9BNJHSmzx5\" data-secret=\"9BNJHSmzx5\" width=\"600\" height=\"338\" frameborder=\"0\" marginwidth=\"0\" marginheight=\"0\" scrolling=\"no\"><\/iframe><\/p>\n","protected":false},"excerpt":{"rendered":"<p>Pozitivna internacionala je objavila danas da se \u201eNuestra Amerika\u201c razvija od jedne pomorske misije do globalnog konvoja za Kubu \u2014 mobili\u0161u\u0107i humanitarnu pomo\u0107 kopnom, vazduhom i morem, i okupljaju\u0107i se u Havani 21. marta. Ujedno je to poziv za pridru\u017eivanje ovoj misiji<\/p>\n","protected":false},"author":1,"featured_media":451243,"comment_status":"open","ping_status":"closed","sticky":false,"template":"","format":"standard","meta":{"_seopress_robots_primary_cat":"none","_seopress_titles_title":"","_seopress_titles_desc":"","_seopress_robots_index":"","_et_pb_use_builder":"","_et_pb_old_content":"","_et_gb_content_width":"","inline_featured_image":false,"footnotes":""},"categories":[14],"tags":[],"class_list":["post-451679","post","type-post","status-publish","format-standard","has-post-thumbnail","hentry","category-vijesti"],"_links":{"self":[{"href":"https:\/\/www.pcnen.com\/portal\/wp-json\/wp\/v2\/posts\/451679","targetHints":{"allow":["GET"]}}],"collection":[{"href":"https:\/\/www.pcnen.com\/portal\/wp-json\/wp\/v2\/posts"}],"about":[{"href":"https:\/\/www.pcnen.com\/portal\/wp-json\/wp\/v2\/types\/post"}],"author":[{"embeddable":true,"href":"https:\/\/www.pcnen.com\/portal\/wp-json\/wp\/v2\/users\/1"}],"replies":[{"embeddable":true,"href":"https:\/\/www.pcnen.com\/portal\/wp-json\/wp\/v2\/comments?post=451679"}],"version-history":[{"count":1,"href":"https:\/\/www.pcnen.com\/portal\/wp-json\/wp\/v2\/posts\/451679\/revisions"}],"predecessor-version":[{"id":451682,"href":"https:\/\/www.pcnen.com\/portal\/wp-json\/wp\/v2\/posts\/451679\/revisions\/451682"}],"wp:featuredmedia":[{"embeddable":true,"href":"https:\/\/www.pcnen.com\/portal\/wp-json\/wp\/v2\/media\/451243"}],"wp:attachment":[{"href":"https:\/\/www.pcnen.com\/portal\/wp-json\/wp\/v2\/media?parent=451679"}],"wp:term":[{"taxonomy":"category","embeddable":true,"href":"https:\/\/www.pcnen.com\/portal\/wp-json\/wp\/v2\/categories?post=451679"},{"taxonomy":"post_tag","embeddable":true,"href":"https:\/\/www.pcnen.com\/portal\/wp-json\/wp\/v2\/tags?post=451679"}],"curies":[{"name":"wp","href":"https:\/\/api.w.org\/{rel}","templated":true}]}}