{"id":451613,"date":"2026-02-18T21:40:12","date_gmt":"2026-02-18T20:40:12","guid":{"rendered":"https:\/\/www.pcnen.com\/portal\/?p=451613"},"modified":"2026-02-18T21:40:12","modified_gmt":"2026-02-18T20:40:12","slug":"moguce-vremenske-nepogode-lokalno","status":"publish","type":"post","link":"https:\/\/www.pcnen.com\/portal\/2026\/02\/18\/moguce-vremenske-nepogode-lokalno\/","title":{"rendered":"Mogu\u0107e vremenske nepogode lokalno"},"content":{"rendered":"<p>Naobla\u010denje sa ki\u0161om, ponegdje u Crnoj Gori ve\u0107 tokom jutra ili prijepodneva, najavlju metereolozi. U drugom dijelu dana, a posebno tokom no\u0107i, o\u010dekuju se jaki pljuskovi pra\u0107eni grmljavinom i jakim ju\u017enim vjetrom. Lokalno \u0107e biti mogu\u0107e i vremenske nepogode.<\/p>\n<p>Vjetar \u0107e biti umjeren do jak, a ponegdje na udare olujne ja\u010dine.<\/p>\n<p>Jutarnja temperatura vazduha bi\u0107e u rasponu od -8 do 9 stepeni, a najvi\u0161a dnevna od 4 do 16 stepeni.<\/p>\n<blockquote><p>U Podgorici \u0107e biti umjereno do potpuno obla\u010dno, povremeno sa ki\u0161om &#8211; uglavnom od sredine dana. Tokom no\u0107i padavine \u0107e znatno poja\u010dati. Vjetar ju\u017eni i jugoisto\u010dni bi\u0107e umjeren do jak, a tokom no\u0107i povremeno i veoma jak. Jutarnja temperatura vazduha bi\u0107e oko 3 stepena, a najvi\u0161a dnevna do 11 stepeni.<\/p><\/blockquote>\n","protected":false},"excerpt":{"rendered":"<p>Jutarnja temperatura vazduha bi\u0107e u rasponu od -8 do 9 stepeni, a najvi\u0161a dnevna od 4 do 16 stepeni<\/p>\n","protected":false},"author":1,"featured_media":419271,"comment_status":"open","ping_status":"closed","sticky":false,"template":"","format":"standard","meta":{"_seopress_robots_primary_cat":"none","_seopress_titles_title":"","_seopress_titles_desc":"","_seopress_robots_index":"","_et_pb_use_builder":"","_et_pb_old_content":"","_et_gb_content_width":"","inline_featured_image":false,"footnotes":""},"categories":[14],"tags":[],"class_list":["post-451613","post","type-post","status-publish","format-standard","has-post-thumbnail","hentry","category-vijesti"],"_links":{"self":[{"href":"https:\/\/www.pcnen.com\/portal\/wp-json\/wp\/v2\/posts\/451613","targetHints":{"allow":["GET"]}}],"collection":[{"href":"https:\/\/www.pcnen.com\/portal\/wp-json\/wp\/v2\/posts"}],"about":[{"href":"https:\/\/www.pcnen.com\/portal\/wp-json\/wp\/v2\/types\/post"}],"author":[{"embeddable":true,"href":"https:\/\/www.pcnen.com\/portal\/wp-json\/wp\/v2\/users\/1"}],"replies":[{"embeddable":true,"href":"https:\/\/www.pcnen.com\/portal\/wp-json\/wp\/v2\/comments?post=451613"}],"version-history":[{"count":1,"href":"https:\/\/www.pcnen.com\/portal\/wp-json\/wp\/v2\/posts\/451613\/revisions"}],"predecessor-version":[{"id":451616,"href":"https:\/\/www.pcnen.com\/portal\/wp-json\/wp\/v2\/posts\/451613\/revisions\/451616"}],"wp:featuredmedia":[{"embeddable":true,"href":"https:\/\/www.pcnen.com\/portal\/wp-json\/wp\/v2\/media\/419271"}],"wp:attachment":[{"href":"https:\/\/www.pcnen.com\/portal\/wp-json\/wp\/v2\/media?parent=451613"}],"wp:term":[{"taxonomy":"category","embeddable":true,"href":"https:\/\/www.pcnen.com\/portal\/wp-json\/wp\/v2\/categories?post=451613"},{"taxonomy":"post_tag","embeddable":true,"href":"https:\/\/www.pcnen.com\/portal\/wp-json\/wp\/v2\/tags?post=451613"}],"curies":[{"name":"wp","href":"https:\/\/api.w.org\/{rel}","templated":true}]}}